{"id":50752,"date":"2020-02-12T19:10:11","date_gmt":"2020-02-12T19:10:11","guid":{"rendered":"https:\/\/acessopercon.com.br\/percon\/?p=50752"},"modified":"2023-12-12T01:03:35","modified_gmt":"2023-12-12T04:03:35","slug":"zonas-areas-de-responsabilidade-da-empresa","status":"publish","type":"post","link":"https:\/\/acessopercon.com.br\/percon\/zonas-areas-de-responsabilidade-da-empresa\/","title":{"rendered":"Zonas &#8211; \u00c1reas de responsabilidade da empresa"},"content":{"rendered":"\t\t<div data-elementor-type=\"wp-post\" data-elementor-id=\"50752\" class=\"elementor elementor-50752\">\n\t\t\t\t\t\t\t\t\t<section class=\"elementor-section elementor-top-section elementor-element elementor-element-13aceb18 elementor-section-boxed elementor-section-height-default elementor-section-height-default\" data-id=\"13aceb18\" data-element_type=\"section\">\n\t\t\t\t\t\t<div class=\"elementor-container elementor-column-gap-default\">\n\t\t\t\t\t<div class=\"elementor-column elementor-col-100 elementor-top-column elementor-element elementor-element-7aa9c0bd\" data-id=\"7aa9c0bd\" data-element_type=\"column\">\n\t\t\t<div class=\"elementor-widget-wrap elementor-element-populated\">\n\t\t\t\t\t\t\t\t<div class=\"elementor-element elementor-element-b986774 elementor-widget elementor-widget-heading\" data-id=\"b986774\" data-element_type=\"widget\" data-widget_type=\"heading.default\">\n\t\t\t\t<div class=\"elementor-widget-container\">\n\t\t\t<h2 class=\"elementor-heading-title elementor-size-default\">Zonas - \u00c1reas de responsabilidade da empresa<\/h2>\t\t<\/div>\n\t\t\t\t<\/div>\n\t\t\t\t<div class=\"elementor-element elementor-element-7632fb87 elementor-widget elementor-widget-text-editor\" data-id=\"7632fb87\" data-element_type=\"widget\" data-widget_type=\"text-editor.default\">\n\t\t\t\t<div class=\"elementor-widget-container\">\n\t\t\t\t\t\t\t<h5 style=\"text-align: center;\"><strong><a href=\"https:\/\/acessopercon.com.br\/percon\/camera-fotografica-para-areas-classificadas\/\" target=\"_blank\" rel=\"noopener\">C\u00e2meras Seguras Intrinsecamente para uso em \u00c1rea de risco de Zona 1\/21 e Divis\u00e3o 1 da ATEX\/IECEx<\/a><\/strong><\/h5><p style=\"text-align: center;\"><img fetchpriority=\"high\" decoding=\"async\" class=\"aligncenter wp-image-50753 size-full\" src=\"https:\/\/acessopercon.com.br\/percon\/wp-content\/uploads\/2020\/02\/zonas-areas-responsabilidade-empresa-1.png\" alt=\"zonas-areas-responsabilidade-empresa-1\" width=\"868\" height=\"185\" srcset=\"https:\/\/acessopercon.com.br\/percon\/wp-content\/uploads\/2020\/02\/zonas-areas-responsabilidade-empresa-1.png 868w, https:\/\/acessopercon.com.br\/percon\/wp-content\/uploads\/2020\/02\/zonas-areas-responsabilidade-empresa-1-300x64.png 300w, https:\/\/acessopercon.com.br\/percon\/wp-content\/uploads\/2020\/02\/zonas-areas-responsabilidade-empresa-1-768x164.png 768w\" sizes=\"(max-width: 868px) 100vw, 868px\" \/><\/p><h5 style=\"text-align: center;\"><strong>Seguran\u00e7a \u00e9 prioridade m\u00e1xima<\/strong><\/h5><p style=\"text-align: justify;\">A seguran\u00e7a \u00e9 extremamente importante em todos os locais onde subst\u00e2ncias inflam\u00e1veis s\u00e3o produzidas, processadas, transportadas ou armazenadas &#8211; especialmente na ind\u00fastria qu\u00edmica e petroqu\u00edmica, no setor de produ\u00e7\u00e3o de petr\u00f3leo e g\u00e1s natural e na minera\u00e7\u00e3o.<br \/>Para proporcionar o mais alto n\u00edvel de seguran\u00e7a poss\u00edvel, a legisla\u00e7\u00e3o da maioria dos estados desenvolveu condi\u00e7\u00f5es correspondentes na forma de leis, regulamentos e normas. Estas devem agora ser implementadas por empresas, pois o operador da planta \u00e9 exclusivamente respons\u00e1vel pela opera\u00e7\u00e3o segura de acordo com a portaria 1999\/92\/EC.<\/p><p style=\"text-align: justify;\"><img decoding=\"async\" class=\"aligncenter wp-image-50755 size-full\" src=\"https:\/\/acessopercon.com.br\/percon\/wp-content\/uploads\/2020\/02\/zonas-areas-responsabilidade-empresa-3.png\" alt=\"zonas-areas-responsabilidade-empresa-3\" width=\"300\" height=\"261\" \/><\/p><h5 style=\"text-align: center;\"><strong>A causa de uma explos\u00e3o<\/strong><\/h5><p style=\"text-align: justify;\">Tr\u00eas elementos s\u00e3o necess\u00e1rios para causar uma explos\u00e3o: Combust\u00edvel (g\u00e1s ou poeira), oxig\u00eanio O2 e uma fonte de igni\u00e7\u00e3o (por exemplo, fa\u00edscas el\u00e9tricas, superf\u00edcie quente, curto-circuito&#8230;).<br \/>O risco de uma explos\u00e3o \u00e9 baseada na probabilidade de uma mistura de combust\u00edvel e oxig\u00eanio (ar) que ocorre ao longo do tempo.<br \/>Nossa gama de dispositivos e equipamentos intrinsecamente seguros garantem que as prov\u00e1veis fontes de igni\u00e7\u00e3o sejam removidas ou evitadas. Ao fazer isso, o risco de uma explos\u00e3o \u00e9 completamente eliminado.<br \/>Assim, a \u00e1rea de responsabilidade estende-se a:<\/p><ul><li style=\"text-align: justify;\">Determina\u00e7\u00e3o das \u00e1reas explosivas (zonas).<\/li><li style=\"text-align: justify;\">Elabora\u00e7\u00e3o de um documento de prote\u00e7\u00e3o contra explos\u00e3o.<\/li><li style=\"text-align: justify;\">Introdu\u00e7\u00e3o de medidas organizacionais e t\u00e9cnicas para a prote\u00e7\u00e3o contra explos\u00e3o.<\/li><li style=\"text-align: justify;\">Implementa\u00e7\u00e3o de verifica\u00e7\u00f5es.<\/li><li style=\"text-align: justify;\">Uso de produtos em \u00e1reas Ex que atendam as exig\u00eancias da portaria 2014\/34\/EU.<\/li><\/ul><h5 style=\"text-align: center;\"><strong>A divis\u00e3o de zonas na IEC<\/strong><\/h5><p style=\"text-align: justify;\">A Comiss\u00e3o Eletrot\u00e9cnica Internacional ou, abreviado, IEC (<a href=\"http:\/\/www.iec.ch\" target=\"_blank\" rel=\"noopener\">www.iec.ch<\/a>) \u00e9 uma organiza\u00e7\u00e3o internacional de normaliza\u00e7\u00e3o no setor de eletrotecnologia e eletr\u00f4nica com sede em Genebra.<\/p><p style=\"text-align: justify;\"><img decoding=\"async\" class=\"aligncenter wp-image-50754 size-full\" src=\"https:\/\/acessopercon.com.br\/percon\/wp-content\/uploads\/2020\/02\/zonas-areas-responsabilidade-empresa-2.jpg\" alt=\"zonas-areas-responsabilidade-empresa-2\" width=\"847\" height=\"443\" srcset=\"https:\/\/acessopercon.com.br\/percon\/wp-content\/uploads\/2020\/02\/zonas-areas-responsabilidade-empresa-2.jpg 847w, https:\/\/acessopercon.com.br\/percon\/wp-content\/uploads\/2020\/02\/zonas-areas-responsabilidade-empresa-2-300x157.jpg 300w, https:\/\/acessopercon.com.br\/percon\/wp-content\/uploads\/2020\/02\/zonas-areas-responsabilidade-empresa-2-768x402.jpg 768w\" sizes=\"(max-width: 847px) 100vw, 847px\" \/><\/p><h4 style=\"text-align: justify;\"><strong>\u00c1reas sujeitas \u00e0 explos\u00e3o por g\u00e1s<\/strong><\/h4><p style=\"text-align: justify;\"><strong>Zona 0<br \/><\/strong>\u00c1rea na qual uma atmosfera explosiva consistente em uma mescla de ar e subst\u00e2ncias inflam\u00e1veis na forma de g\u00e1s, vapor ou n\u00e9voa, est\u00e1 presente constantemente ou por longo tempo.<\/p><p style=\"text-align: justify;\"><strong>Zona 1<br \/><\/strong>\u00c1rea na qual se deve esperar que uma atmosfera explosiva consistente em uma mescla de ar e subst\u00e2ncias inflam\u00e1veis na forma de g\u00e1s, vapor ou n\u00e9voa se forme durante o funcionamento normal.<\/p><p style=\"text-align: justify;\"><strong>Zona 2<\/strong><br \/>\u00c1rea na qual n\u00e3o se precisa esperar que uma atmosfera explosiva consistente em uma mescla de ar e subst\u00e2ncias inflam\u00e1veis na forma de g\u00e1s, vapor ou n\u00e9voa se forme durante o funcionamento normal e, se ocorrer, ser\u00e1 apenas raramente e por pouco tempo.<\/p><h4 style=\"text-align: justify;\"><strong>\u00c1reas com poeiras inflam\u00e1veis<\/strong><\/h4><p style=\"text-align: justify;\"><strong>Zona 20<\/strong><br \/>\u00c1rea na qual existe uma atmosfera explosiva na forma de nuvem de poeira inflam\u00e1vel no ar constantemente, por longo tempo ou frequentemente.<\/p><p style=\"text-align: justify;\"><strong>Zona 21<\/strong><br \/>\u00c1rea na qual se deve esperar que uma atmosfera explosiva na forma de nuvem de poeira inflam\u00e1vel no ar ocorra \u00e0s vezes durante o funcionamento normal.<\/p><p style=\"text-align: justify;\"><strong>Zona 22<\/strong><br \/>\u00c1rea na qual n\u00e3o se precisa esperar que uma atmosfera explosiva na forma de nuvem de poeira inflam\u00e1vel no ar ocorra \u00e0s vezes durante o funcionamento normal e, se ocorrer, ser\u00e1 apenas por pouco tempo.<\/p><h4 style=\"text-align: justify;\"><strong>Sistema de Divis\u00e3o da Am\u00e9rica do Norte<\/strong><\/h4><p style=\"text-align: justify;\">O Sistema de Divis\u00e3o da Am\u00e9rica do Norte considera somente a ocorr\u00eancia de duas possibilidade de misturas explosivas de combust\u00edvel\/oxig\u00eanio:<\/p><p style=\"text-align: justify;\"><strong>Divis\u00e3o 1<\/strong><br \/>Uma mistura de g\u00e1s inflam\u00e1vel, poeira ou vapor ocorre de forma permanente ou ocasional. O mesmo que a <strong>Zona 1 e 0<\/strong>.<\/p><p style=\"text-align: justify;\"><strong>Divis\u00e3o 2<\/strong><br \/>A mistura ocorre raramente e por pouco tempo. O mesmo que a <strong>Zona 2<\/strong>.<\/p>\t\t\t\t\t\t<\/div>\n\t\t\t\t<\/div>\n\t\t\t\t<div class=\"elementor-element elementor-element-6191e2c elementor-widget elementor-widget-video\" data-id=\"6191e2c\" data-element_type=\"widget\" data-settings=\"{&quot;youtube_url&quot;:&quot;https:\\\/\\\/youtu.be\\\/Btko1ybuO1w?si=MfEPP5YFxPWHUPio&quot;,&quot;video_type&quot;:&quot;youtube&quot;,&quot;controls&quot;:&quot;yes&quot;}\" data-widget_type=\"video.default\">\n\t\t\t\t<div class=\"elementor-widget-container\">\n\t\t\t\t\t<div class=\"elementor-wrapper elementor-open-inline\">\n\t\t\t<div class=\"elementor-video\"><\/div>\t\t<\/div>\n\t\t\t\t<\/div>\n\t\t\t\t<\/div>\n\t\t\t\t\t<\/div>\n\t\t<\/div>\n\t\t\t\t\t\t\t<\/div>\n\t\t<\/section>\n\t\t\t\t\t\t\t<\/div>\n\t\t","protected":false},"excerpt":{"rendered":"<p>Zonas &#8211; \u00c1reas de responsabilidade da empresa C\u00e2meras Seguras Intrinsecamente para uso em \u00c1rea de risco de Zona 1\/21 e Divis\u00e3o 1 da ATEX\/IECEx Seguran\u00e7a \u00e9 prioridade m\u00e1xima A seguran\u00e7a \u00e9 extremamente importante em todos os locais onde subst\u00e2ncias inflam\u00e1veis s\u00e3o produzidas, processadas, transportadas ou armazenadas &#8211; especialmente na ind\u00fastria qu\u00edmica e petroqu\u00edmica, no setor [&hellip;]<\/p>\n","protected":false},"author":4,"featured_media":0,"comment_status":"closed","ping_status":"closed","sticky":false,"template":"","format":"standard","meta":{"footnotes":""},"categories":[36],"tags":[],"_links":{"self":[{"href":"https:\/\/acessopercon.com.br\/percon\/wp-json\/wp\/v2\/posts\/50752"}],"collection":[{"href":"https:\/\/acessopercon.com.br\/percon\/wp-json\/wp\/v2\/posts"}],"about":[{"href":"https:\/\/acessopercon.com.br\/percon\/wp-json\/wp\/v2\/types\/post"}],"author":[{"embeddable":true,"href":"https:\/\/acessopercon.com.br\/percon\/wp-json\/wp\/v2\/users\/4"}],"replies":[{"embeddable":true,"href":"https:\/\/acessopercon.com.br\/percon\/wp-json\/wp\/v2\/comments?post=50752"}],"version-history":[{"count":6,"href":"https:\/\/acessopercon.com.br\/percon\/wp-json\/wp\/v2\/posts\/50752\/revisions"}],"predecessor-version":[{"id":55170,"href":"https:\/\/acessopercon.com.br\/percon\/wp-json\/wp\/v2\/posts\/50752\/revisions\/55170"}],"wp:attachment":[{"href":"https:\/\/acessopercon.com.br\/percon\/wp-json\/wp\/v2\/media?parent=50752"}],"wp:term":[{"taxonomy":"category","embeddable":true,"href":"https:\/\/acessopercon.com.br\/percon\/wp-json\/wp\/v2\/categories?post=50752"},{"taxonomy":"post_tag","embeddable":true,"href":"https:\/\/acessopercon.com.br\/percon\/wp-json\/wp\/v2\/tags?post=50752"}],"curies":[{"name":"wp","href":"https:\/\/api.w.org\/{rel}","templated":true}]}}