{"id":50721,"date":"2020-01-22T22:40:47","date_gmt":"2020-01-22T22:40:47","guid":{"rendered":"https:\/\/acessopercon.com.br\/percon\/?p=50721"},"modified":"2022-06-24T18:06:30","modified_gmt":"2022-06-24T18:06:30","slug":"luva-tecnica-2","status":"publish","type":"post","link":"https:\/\/acessopercon.com.br\/percon\/luva-tecnica-2\/","title":{"rendered":"Luva t\u00e9cnica"},"content":{"rendered":"\t\t<div data-elementor-type=\"wp-post\" data-elementor-id=\"50721\" class=\"elementor elementor-50721\">\n\t\t\t\t\t\t\t\t\t<section class=\"elementor-section elementor-top-section elementor-element elementor-element-25656e29 elementor-section-boxed elementor-section-height-default elementor-section-height-default\" data-id=\"25656e29\" data-element_type=\"section\">\n\t\t\t\t\t\t<div class=\"elementor-container elementor-column-gap-default\">\n\t\t\t\t\t<div class=\"elementor-column elementor-col-100 elementor-top-column elementor-element elementor-element-1c804a19\" data-id=\"1c804a19\" data-element_type=\"column\">\n\t\t\t<div class=\"elementor-widget-wrap elementor-element-populated\">\n\t\t\t\t\t\t\t\t<div class=\"elementor-element elementor-element-b662043 elementor-widget elementor-widget-heading\" data-id=\"b662043\" data-element_type=\"widget\" data-widget_type=\"heading.default\">\n\t\t\t\t<div class=\"elementor-widget-container\">\n\t\t\t<h2 class=\"elementor-heading-title elementor-size-default\">Luva de seguran\u00e7a<\/h2>\t\t<\/div>\n\t\t\t\t<\/div>\n\t\t\t\t<div class=\"elementor-element elementor-element-6a5dc416 elementor-widget elementor-widget-text-editor\" data-id=\"6a5dc416\" data-element_type=\"widget\" data-widget_type=\"text-editor.default\">\n\t\t\t\t<div class=\"elementor-widget-container\">\n\t\t\t\t\t\t\t<p style=\"text-align: justify;\"><span style=\"font-weight: 400;\"><img fetchpriority=\"high\" decoding=\"async\" class=\"wp-image-50682 size-medium alignleft\" src=\"https:\/\/acessopercon.com.br\/percon\/wp-content\/uploads\/2020\/01\/LUVA-TECNICA-2-300x200.jpg\" alt=\"LUVA TECNICA 2\" width=\"300\" height=\"200\" srcset=\"https:\/\/acessopercon.com.br\/percon\/wp-content\/uploads\/2020\/01\/LUVA-TECNICA-2-300x200.jpg 300w, https:\/\/acessopercon.com.br\/percon\/wp-content\/uploads\/2020\/01\/LUVA-TECNICA-2-1024x682.jpg 1024w, https:\/\/acessopercon.com.br\/percon\/wp-content\/uploads\/2020\/01\/LUVA-TECNICA-2-768x512.jpg 768w, https:\/\/acessopercon.com.br\/percon\/wp-content\/uploads\/2020\/01\/LUVA-TECNICA-2.jpg 1115w\" sizes=\"(max-width: 300px) 100vw, 300px\" \/>EPI para trabalhos em altura, resgate e atividades em espa\u00e7o confinado proporcionam m\u00e1xima prote\u00e7\u00e3o sem comprometer a precis\u00e3o no manuseio de\u00a0<\/span><span style=\"font-weight: 400;\">equipamentos.\u00a0<\/span><\/p><p style=\"text-align: justify;\"><span style=\"font-weight: 400;\">Luva de seguran\u00e7a confeccionada em couro tipo vaqueta na fase palmar e dedos, tecido de poli\u00e9ster na fase superior e linha de nylon. A fase palmar protege as \u00e1reas de maior atrito, enquanto a fase superior proporciona ventila\u00e7\u00e3o e maior maleabilidade do conjunto.<\/span><\/p><p style=\"text-align: justify;\"><span style=\"font-weight: 400;\">Os materiais utilizados n\u00e3o <\/span><span style=\"font-weight: 400;\">possuem subst\u00e2ncias conhecidas ou suspeitas de provocar riscos a sa\u00fade do usu\u00e1rio, bem como o Ph do couro encontra-se dentro das especifica\u00e7\u00f5es de acordo com as normas vigentes, conforme relat\u00f3rio de ensaio n\u00ba 1.006.851-203 do IPT-Franca.<\/span><\/p><p style=\"text-align: justify;\"><span style=\"font-weight: 400;\">N\u00edveis de prote\u00e7\u00e3o conforme Norma BS EN 388:2003. Resist\u00eancia a abras\u00e3o: N\u00edvel 2; Resist\u00eancia ao corte com l\u00e2mina: N\u00edvel 0; Resist\u00eancia ao rasgamento: N\u00edvel 2; Resist\u00eancia \u00e0 perfura\u00e7\u00e3o por pun\u00e7\u00e3o: N\u00edvel 3; Codigo:\u00a0TEL508001013; Material: Couro tipo vaqueta e tecido de poli\u00e9ster; Atendendo as <\/span><b>Normas e Certifica\u00e7\u00f5es: <\/b><span style=\"font-weight: 400;\">ABNT NBR 13712:1996 e CA 25.636<\/span><\/p><p><img decoding=\"async\" class=\"wp-image-50680  aligncenter\" style=\"text-align: justify;\" src=\"https:\/\/acessopercon.com.br\/percon\/wp-content\/uploads\/2020\/01\/LUVA-TECNICA-300x283.jpg\" alt=\"LUVA TECNICA\" width=\"167\" height=\"157\" srcset=\"https:\/\/acessopercon.com.br\/percon\/wp-content\/uploads\/2020\/01\/LUVA-TECNICA-300x283.jpg 300w, https:\/\/acessopercon.com.br\/percon\/wp-content\/uploads\/2020\/01\/LUVA-TECNICA.jpg 434w\" sizes=\"(max-width: 167px) 100vw, 167px\" \/><\/p>\t\t\t\t\t\t<\/div>\n\t\t\t\t<\/div>\n\t\t\t\t\t<\/div>\n\t\t<\/div>\n\t\t\t\t\t\t\t<\/div>\n\t\t<\/section>\n\t\t\t\t\t\t\t<\/div>\n\t\t","protected":false},"excerpt":{"rendered":"<p>Luva de seguran\u00e7a EPI para trabalhos em altura, resgate e atividades em espa\u00e7o confinado proporcionam m\u00e1xima prote\u00e7\u00e3o sem comprometer a precis\u00e3o no manuseio de\u00a0equipamentos.\u00a0 Luva de seguran\u00e7a confeccionada em couro tipo vaqueta na fase palmar e dedos, tecido de poli\u00e9ster na fase superior e linha de nylon. A fase palmar protege as \u00e1reas de maior [&hellip;]<\/p>\n","protected":false},"author":4,"featured_media":0,"comment_status":"closed","ping_status":"closed","sticky":false,"template":"","format":"standard","meta":{"footnotes":""},"categories":[128],"tags":[],"_links":{"self":[{"href":"https:\/\/acessopercon.com.br\/percon\/wp-json\/wp\/v2\/posts\/50721"}],"collection":[{"href":"https:\/\/acessopercon.com.br\/percon\/wp-json\/wp\/v2\/posts"}],"about":[{"href":"https:\/\/acessopercon.com.br\/percon\/wp-json\/wp\/v2\/types\/post"}],"author":[{"embeddable":true,"href":"https:\/\/acessopercon.com.br\/percon\/wp-json\/wp\/v2\/users\/4"}],"replies":[{"embeddable":true,"href":"https:\/\/acessopercon.com.br\/percon\/wp-json\/wp\/v2\/comments?post=50721"}],"version-history":[{"count":3,"href":"https:\/\/acessopercon.com.br\/percon\/wp-json\/wp\/v2\/posts\/50721\/revisions"}],"predecessor-version":[{"id":54984,"href":"https:\/\/acessopercon.com.br\/percon\/wp-json\/wp\/v2\/posts\/50721\/revisions\/54984"}],"wp:attachment":[{"href":"https:\/\/acessopercon.com.br\/percon\/wp-json\/wp\/v2\/media?parent=50721"}],"wp:term":[{"taxonomy":"category","embeddable":true,"href":"https:\/\/acessopercon.com.br\/percon\/wp-json\/wp\/v2\/categories?post=50721"},{"taxonomy":"post_tag","embeddable":true,"href":"https:\/\/acessopercon.com.br\/percon\/wp-json\/wp\/v2\/tags?post=50721"}],"curies":[{"name":"wp","href":"https:\/\/api.w.org\/{rel}","templated":true}]}}