{"id":50294,"date":"2018-10-11T13:04:22","date_gmt":"2018-10-11T13:04:22","guid":{"rendered":"http:\/\/acessopercon.com.br\/percon\/?p=50294"},"modified":"2022-06-04T00:57:55","modified_gmt":"2022-06-04T00:57:55","slug":"tripe-portatil-em-aluminio","status":"publish","type":"post","link":"https:\/\/acessopercon.com.br\/percon\/tripe-portatil-em-aluminio\/","title":{"rendered":"Trip\u00e9 port\u00e1til em alum\u00ednio"},"content":{"rendered":"\t\t<div data-elementor-type=\"wp-post\" data-elementor-id=\"50294\" class=\"elementor elementor-50294\">\n\t\t\t\t\t\t\t\t\t<section class=\"elementor-section elementor-top-section elementor-element elementor-element-56f7841f elementor-section-boxed elementor-section-height-default elementor-section-height-default\" data-id=\"56f7841f\" data-element_type=\"section\">\n\t\t\t\t\t\t<div class=\"elementor-container elementor-column-gap-default\">\n\t\t\t\t\t<div class=\"elementor-column elementor-col-100 elementor-top-column elementor-element elementor-element-2a824fbc\" data-id=\"2a824fbc\" data-element_type=\"column\">\n\t\t\t<div class=\"elementor-widget-wrap elementor-element-populated\">\n\t\t\t\t\t\t\t\t<div class=\"elementor-element elementor-element-bc7420e elementor-widget elementor-widget-heading\" data-id=\"bc7420e\" data-element_type=\"widget\" data-widget_type=\"heading.default\">\n\t\t\t\t<div class=\"elementor-widget-container\">\n\t\t\t<h2 class=\"elementor-heading-title elementor-size-default\">Trip\u00e9 port\u00e1til em alum\u00ednio<\/h2>\t\t<\/div>\n\t\t\t\t<\/div>\n\t\t\t\t<div class=\"elementor-element elementor-element-1917cbb6 elementor-widget elementor-widget-text-editor\" data-id=\"1917cbb6\" data-element_type=\"widget\" data-widget_type=\"text-editor.default\">\n\t\t\t\t<div class=\"elementor-widget-container\">\n\t\t\t\t\t\t\t<p>Trip\u00e9 \u00e9 um EPI que possui tr\u00eas bases que convergem para um ponto no alto centralizado. Feito de um material resistente e tendo pernas regul\u00e1veis, o topo do trip\u00e9 serve como ponto de ancoragem para a corda que ir\u00e1 descer o profissional para o espa\u00e7o confinado. As sapatas quanto as pernas s\u00e3o desenvolvidas para&nbsp;proporcionar estabilidade e seguran\u00e7a. Assim, acompanhado de sua equipe de suporte, o t\u00e9cnico poder\u00e1 se concentrar em realizar o resgate ou manuten\u00e7\u00e3o necess\u00e1rios com foco e assertividade.<\/p>\n<p><a class=\"dt-single-image\" href=\"https:\/\/acessopercon.com.br\/2022\/wp-content\/uploads\/2018\/10\/LE-TP24.jpg\" rel=\"attachment wp-att-50295\" data-dt-img-description=\"\"><img decoding=\"async\" class=\"wp-image-50295 size-thumbnail alignright\" src=\"https:\/\/sitestemporarios.com.br\/percon\/wp-content\/uploads\/2018\/10\/LE-TP24-150x150.jpg\" alt=\"LE-TP24\" width=\"150\" height=\"150\"><\/a><\/p>\n<p>O trip\u00e9 \u00e9 transportado at\u00e9 o local necess\u00e1rio compactado, fechado em seus pontos regul\u00e1veis. No local, as pernas s\u00e3o separadas e as bases colocadas no ch\u00e3o. \u00c9 necess\u00e1rio regular os pontos das pernas at\u00e9 que o trip\u00e9 mostre estabilidade e fixa\u00e7\u00e3o m\u00e1ximos.<\/p>\n<p>Na sequ\u00eancia, o profissional deve se equipar com todos os EPIs que trabalham em conjunto com o trip\u00e9: cintur\u00e3o de seguran\u00e7a, assento ideal para descida ligado \u00e0 corda e m\u00e1scara de prote\u00e7\u00e3o. Al\u00e9m disso, luvas, sapatos e capacetes de seguran\u00e7a tamb\u00e9m s\u00e3o imprescind\u00edveis.<\/p>\n<p>A equipe de suporte deve ajudar a conectar todas as partes do processo: a corda deve estar corretamente ligada ao trip\u00e9 de seguran\u00e7a e ao assento usado pelo profissional. Testes em solo devem ser realizados por precau\u00e7\u00e3o.<\/p>\n<p>Estando tudo corretamente pronto, o profissional desce ao espa\u00e7o confinado e realiza seu trabalho pelo tempo que precisar. Terminada a miss\u00e3o, a equipe providencia a volta ao espa\u00e7o normal.<\/p>\n<p>Ideal para ancoragem m\u00f3vel para sistema de acesso e resgate nos trabalhos em espa\u00e7os confinados.\u00c9 port\u00e1til em liga de alum\u00ednio com cabe\u00e7ote em alum\u00ednio, possui 3 pontos de ancoragem fixos &nbsp;e duas polias superiores para passagem de cabos do Guincho de movimenta\u00e7\u00e3o Leal e 3Way Leal, (Trava queda retr\u00e1til resgatador), 3 pinos passantes de travamento das pernas no cabe\u00e7ote para estas n\u00e3o se fecharem durante a opera\u00e7\u00e3o\/resgate, pernas tubulares perfil redondo em alum\u00ednio com ajustes independente de altura por meio de pinos, sapatas antideslizante e fita\/corrente limitadora de abertura.<br>Leve e de f\u00e1cil manuseio.<\/p>\n<p><strong>Clique em assuntos relacionados a sua pesquisa<\/strong><\/p>\n<p><strong><a href=\"https:\/\/acessopercon.com.br\/percon\/exaustor-e-insuflador-portatil\/\">Exaustor e insuflador de ar port\u00e1til<\/a><\/strong><\/p>\n<p><strong><a href=\"https:\/\/acessopercon.com.br\/percon\/insuflador\/\">Insuflador e exaustor intrinsecamente seguro<\/a><\/strong><\/p>\n<p><strong><a href=\"https:\/\/acessopercon.com.br\/percon\/guincho-resgatador\/\">Guincho resgatador 15m com cabo inox ou cabo sint\u00e9tico ( Resgate )<\/a><\/strong><\/p>\t\t\t\t\t\t<\/div>\n\t\t\t\t<\/div>\n\t\t\t\t\t<\/div>\n\t\t<\/div>\n\t\t\t\t\t\t\t<\/div>\n\t\t<\/section>\n\t\t\t\t\t\t\t<\/div>\n\t\t","protected":false},"excerpt":{"rendered":"<p>Trip\u00e9 port\u00e1til em alum\u00ednio Trip\u00e9 \u00e9 um EPI que possui tr\u00eas bases que convergem para um ponto no alto centralizado. Feito de um material resistente e tendo pernas regul\u00e1veis, o topo do trip\u00e9 serve como ponto de ancoragem para a corda que ir\u00e1 descer o profissional para o espa\u00e7o confinado. As sapatas quanto as pernas [&hellip;]<\/p>\n","protected":false},"author":4,"featured_media":0,"comment_status":"closed","ping_status":"closed","sticky":false,"template":"","format":"standard","meta":{"footnotes":""},"categories":[128,60],"tags":[711],"_links":{"self":[{"href":"https:\/\/acessopercon.com.br\/percon\/wp-json\/wp\/v2\/posts\/50294"}],"collection":[{"href":"https:\/\/acessopercon.com.br\/percon\/wp-json\/wp\/v2\/posts"}],"about":[{"href":"https:\/\/acessopercon.com.br\/percon\/wp-json\/wp\/v2\/types\/post"}],"author":[{"embeddable":true,"href":"https:\/\/acessopercon.com.br\/percon\/wp-json\/wp\/v2\/users\/4"}],"replies":[{"embeddable":true,"href":"https:\/\/acessopercon.com.br\/percon\/wp-json\/wp\/v2\/comments?post=50294"}],"version-history":[{"count":11,"href":"https:\/\/acessopercon.com.br\/percon\/wp-json\/wp\/v2\/posts\/50294\/revisions"}],"predecessor-version":[{"id":54147,"href":"https:\/\/acessopercon.com.br\/percon\/wp-json\/wp\/v2\/posts\/50294\/revisions\/54147"}],"wp:attachment":[{"href":"https:\/\/acessopercon.com.br\/percon\/wp-json\/wp\/v2\/media?parent=50294"}],"wp:term":[{"taxonomy":"category","embeddable":true,"href":"https:\/\/acessopercon.com.br\/percon\/wp-json\/wp\/v2\/categories?post=50294"},{"taxonomy":"post_tag","embeddable":true,"href":"https:\/\/acessopercon.com.br\/percon\/wp-json\/wp\/v2\/tags?post=50294"}],"curies":[{"name":"wp","href":"https:\/\/api.w.org\/{rel}","templated":true}]}}