{"id":45339,"date":"2017-08-07T20:55:02","date_gmt":"2017-08-07T20:55:02","guid":{"rendered":"http:\/\/acessopercon.com.br\/percon\/?p=45339"},"modified":"2017-08-07T20:55:02","modified_gmt":"2017-08-07T20:55:02","slug":"material-eletrico-ex","status":"publish","type":"post","link":"https:\/\/acessopercon.com.br\/percon\/material-eletrico-ex\/","title":{"rendered":"Material el\u00e9trico Ex a prova de explos\u00e3o e seguran\u00e7a aumentada"},"content":{"rendered":"<p>Material el\u00e9trico Ex com produtos certificados, em diversos tamanhos e detalhes construtivos fazem parte o portifolio da Tramontina Ex . Consulte a PerCon para definirmos o produto certo para sua necessidade .<strong><br \/>\n<\/strong><\/p>\n<p>&nbsp;<\/p>\n<h2><strong>Material el\u00e9trico Ex a prova de explos\u00e3o e seguran\u00e7a aumentada<\/strong><\/h2>\n<p><strong>Classifica\u00e7\u00e3o de \u00e1reas <\/strong><\/p>\n<p>A classifica\u00e7\u00e3o de \u00e1reas e um estudo para a defini\u00e7\u00e3o de risco nos locais onde pode estar presente uma atmosfera explosiva, avaliando as propriedades das substancias inflam\u00e1veis, caracter\u00edsticas dos equipamentos, ventila\u00e7\u00e3o e temperatura do ambiente, entre outros.<\/p>\n<p>&nbsp;<\/p>\n<p><strong>Material el\u00e9trico Ex &#8211; Classifica\u00e7\u00e3o em Zonas<\/strong><\/p>\n<p>O conceito da classifica\u00e7\u00e3o em Zonas refere-se a frequ\u00eancia e dura\u00e7\u00e3o da presen\u00e7a da atmosfera<\/p>\n<p>explosiva nos locais.<\/p>\n<p>\u00c1reas classificadas para Ambientes com g\u00e1s ou vapor Inflam\u00e1vel :<\/p>\n<p>Zona 0: \u00e1rea na qual a atmosfera explosiva esta presente continuamente, por longos per\u00edodos ou frequentemente.<\/p>\n<p>Zona 1: \u00e1rea na qual a atmosfera explosiva pode estar presente eventualmente, em condi\u00e7\u00f5es normais de opera\u00e7\u00e3o.<\/p>\n<p>Zona 2: \u00e1rea na qual n\u00e3o e prov\u00e1vel que a atmosfera explosiva ocorra em opera\u00e7\u00e3o normal e, se ocorrer, permanece somente por um curto per\u00edodo.<\/p>\n<p>&nbsp;<\/p>\n<p><strong>\u00c1reas classificadas para ambientes com poeira combust\u00edvel<\/strong><\/p>\n<p><strong>Zona 20: <\/strong>\u00e1rea na qual a atmosfera explosiva esta presente continuamente, por longos per\u00edodos ou em per\u00edodos frequentes.<\/p>\n<p><strong>Zona 21: <\/strong>\u00e1rea na qual a atmosfera explosiva pode estar presente eventualmente, em condi\u00e7\u00f5es normais de opera\u00e7\u00e3o.<\/p>\n<p><strong>Zona 22: <\/strong>\u00e1rea na qual n\u00e3o e prov\u00e1vel que a atmosfera explosiva ocorra em opera\u00e7\u00e3o normal e, se ocorrer, permanece somente por um curto per\u00edodo.<\/p>\n<p>Normalmente, a ind\u00fastria considera as dura\u00e7\u00f5es de emiss\u00e3o das substancias inflam\u00e1veis ou combust\u00edveis em:<\/p>\n<p><strong>Zona 2 e 22: 0 a 10 horas por ano.<\/strong><\/p>\n<p><strong>Zona 1 e 21: 10 a 1.000 horas por ano.<\/strong><\/p>\n<p><strong>Zona 0 e 20: acima de 1.000 horas por ano.<\/strong><\/p>\n<p><strong>\u00a0<\/strong><\/p>\n<p><strong>Material el\u00e9trico Ex &#8211; Classifica\u00e7\u00e3o em Grupos<\/strong><\/p>\n<p>E o sistema de classifica\u00e7\u00e3o dos equipamentos quanto a sua utiliza\u00e7\u00e3o. Os equipamentos para atmosferas explosivas s\u00e3o divididos em tr\u00eas grupos:<\/p>\n<p><strong>Grupo I: <\/strong>equipamentos destinados a Industria de minera\u00e7\u00e3o subterr\u00e2nea de carv\u00e3o.<\/p>\n<p><strong>Grupo II: <\/strong>equipamentos destinados a locais com atmosfera explosiva de g\u00e1s ou vapor [industrias de superf\u00edcie]. O grupo II e subdividido em tr\u00eas subgrupos, de acordo com as caracter\u00edsticas dos gases:<\/p>\n<p><strong>IIA: <\/strong>g\u00e1s representativo e o Propano.<\/p>\n<p><strong>IIB: <\/strong>g\u00e1s representativo e o Etileno.<\/p>\n<p><strong>IIC: <\/strong>gases representativos s\u00e3o o Hidrog\u00eanio e Acetileno.<\/p>\n<p>Equipamentos IIA somente utilizados em \u00e1reas IIA.<\/p>\n<p>Equipamentos IIB podem ser utilizados em IIA e IIB.<\/p>\n<p>Equipamentos IIC podem ser utilizados em \u00e1reas IIA, IIB e IIC.<\/p>\n<p><strong>Grupo III: <\/strong>equipamentos destinados a locais com uma atmosfera explosiva de poeiras combust\u00edveis.<\/p>\n<p>O grupo III e subdividido em tr\u00eas subgrupos de acordo com as caracter\u00edsticas das poeiras<\/p>\n<p><strong>IIIA: <\/strong>fibras combust\u00edveis.<\/p>\n<p><strong>IIIB: <\/strong>poeiras n\u00e3o condutivas.<\/p>\n<p><strong>IIIC: <\/strong>poeiras condutivas.<\/p>\n<p>Equipamentos IIIA s\u00f3 podem ser utilizados em IIIA.<\/p>\n<p>Equipamentos IIIB podem ser utilizados em \u00e1reas IIIA e IIIB.<\/p>\n<p>Equipamentos IIIC podem ser utilizados em \u00e1reas IIIA, IIIB e IIIC.<\/p>\n<p>&nbsp;<\/p>\n<p><strong>Tipos de prote\u00e7\u00e3o Ex <\/strong><\/p>\n<p>Conjuntos de medidas especificas aplicadas aos equipamentos para evitar a igni\u00e7\u00e3o de uma atmosfera explosiva ao seu redor.<\/p>\n<p><strong>PROTE\u00c7\u00c3O TIPOS \u2013 <\/strong>\u00e0 prova de explos\u00e3o<\/p>\n<p><strong>PROTE\u00c7\u00c3O &#8211; <\/strong>d<\/p>\n<p><strong>CLASSIFICA\u00c7\u00c3O\u00a0 DA ZONA <\/strong>&#8211; Zonas 1 e 2<\/p>\n<p><strong>CONCEITO &#8211; <\/strong>Tipo de prote\u00e7\u00e3o no qual as partes que podem causar a igni\u00e7\u00e3o de uma atmosfera explosiva de g\u00e1s ou vapor s\u00e3o montadas no interior de um inv\u00f3lucro. Resiste a press\u00e3o desenvolvida durante uma explos\u00e3o da mistura explosiva no interior do inv\u00f3lucro e n\u00e3o propagar os gases quentes oriundos desta explos\u00e3o para a atmosfera explosiva externa.<\/p>\n<p><strong>NORMA NBR IEC &#8211; <\/strong>60079-1<\/p>\n<p>&nbsp;<\/p>\n<p><strong>PROTE\u00c7\u00c3O TIPOS \u2013 <\/strong>seguran\u00e7a aumentada<\/p>\n<p><strong>PROTE\u00c7\u00c3O &#8211; <\/strong>e<\/p>\n<p><strong>CLASSIFICA\u00c7\u00c3O\u00a0 DA ZONA &#8211; <\/strong>Zonas 1 e 2<\/p>\n<p><strong>CONCEITO \u2013 <\/strong>Tipo de prote\u00e7\u00e3o empregada em equipamentos el\u00e9tricos aos quais<\/p>\n<p>medidas adicionais s\u00e3o aplicadas para ampliar a seguran\u00e7a do equipamento em rela\u00e7\u00e3o a possibilidade de ocorr\u00eancia de temperaturas excessivas, arcos el\u00e9tricos e centelhas em servi\u00e7o normal ou sob condi\u00e7\u00f5es anormais especificadas.<\/p>\n<p><strong>NORMA NBR IEC &#8211; <\/strong>60079-7<\/p>\n<p><strong>\u00a0<\/strong><\/p>\n<p><strong>N\u00edvel de prote\u00e7\u00e3o do equipamento &#8211; [EQUIPMENT PROTECTION LEVEL-EPL]<\/strong><\/p>\n<p>O EPL e um sistema utilizado para identifica\u00e7\u00e3o do n\u00edvel de prote\u00e7\u00e3o dos equipamentos el\u00e9tricos utilizados em atmosferas explosivas.<\/p>\n<p>A primeira letra [mai\u00fascula] do EPL refere-se ao local da instala\u00e7\u00e3o do equipamento, enquanto que a segunda letra [min\u00fascula] refere-se ao n\u00edvel de prote\u00e7\u00e3o proporcionado pelo equipamento Ex.<\/p>\n<p><strong>\u00a0<\/strong><\/p>\n<p><strong>Material el\u00e9trico Ex &#8211; Grau de prote\u00e7\u00e3o\u00a0 [IP]<\/strong><\/p>\n<p>E o grau de prote\u00e7\u00e3o proporcionado por um inv\u00f3lucro contra o acesso as partes perigosas, contra o ingresso de objetos s\u00f3lidos, poeiras e\/ou agua.<\/p>\n<p>A norma NBR IEC 60529 e aplicada para a classifica\u00e7\u00e3o do grau de prote\u00e7\u00e3o provido pelos inv\u00f3lucros dos equipamentos el\u00e9tricos.<\/p>\n<p>A designa\u00e7\u00e3o que indica o grau de prote\u00e7\u00e3o de um inv\u00f3lucro e constitu\u00edda pelas letras caracter\u00edsticas IP, seguidas de dois n\u00fameros [numerais caracter\u00edsticos] que indicam conformidade com as condi\u00e7\u00f5es da tabela abaixo.<\/p>\n<p>&nbsp;<\/p>\n<p><strong>Material el\u00e9trico Ex oferecido pela Tramontina<br \/>\n<\/strong><\/p>\n<p><strong>Caixas de passagem ou liga\u00e7\u00e3o Ex \u201cd\u201d IP66<\/strong><\/p>\n<p><a class=\"dt-single-image\" href=\"https:\/\/acessopercon.com.br\/2022\/wp-content\/uploads\/2017\/08\/Caixa-de-passagem-Ex-e-na-PerCon.png\" rel=\"attachment wp-att-45340\" data-dt-img-description=\"\"><img fetchpriority=\"high\" decoding=\"async\" class=\"alignnone size-medium wp-image-45340\" src=\"https:\/\/acessopercon.com.br\/percon\/wp-content\/uploads\/2017\/08\/Caixa-de-passagem-Ex-\u00e9-na-PerCon-300x198.png\" alt=\"Caixa de passagem Ex \u00e9 na PerCon\" width=\"300\" height=\"198\" \/><\/a><\/p>\n<p>&nbsp;<\/p>\n<p><strong>Caixas de passagem Ex \u201cd\u201d IP66<\/strong><\/p>\n<p><a class=\"dt-single-image\" href=\"https:\/\/acessopercon.com.br\/2022\/wp-content\/uploads\/2017\/08\/Caixa-de-passagem-Ex-e-na-PerCon2.png\" rel=\"attachment wp-att-45341\" data-dt-img-description=\"\"><img decoding=\"async\" class=\"alignnone wp-image-45341\" src=\"https:\/\/acessopercon.com.br\/2022\/wp-content\/uploads\/2017\/08\/Caixa-de-passagem-Ex-e-na-PerCon2.png\" alt=\"Caixa de passagem Ex \u00e9 na PerCon2\" width=\"204\" height=\"214\" \/><\/a><\/p>\n<p>&nbsp;<\/p>\n<p><strong>Condulete americano TGVP \u2013 Industrial IP65<\/strong><\/p>\n<p><a class=\"dt-single-image\" href=\"https:\/\/acessopercon.com.br\/2022\/wp-content\/uploads\/2017\/08\/Condulete-Ex-e-na-PerCon.png\" rel=\"attachment wp-att-45342\" data-dt-img-description=\"\"><img decoding=\"async\" class=\"alignnone wp-image-45342\" src=\"https:\/\/acessopercon.com.br\/2022\/wp-content\/uploads\/2017\/08\/Condulete-Ex-e-na-PerCon.png\" alt=\"Condulete Ex \u00e9 na PerCon\" width=\"211\" height=\"194\" \/><\/a><\/p>\n<p>&nbsp;<\/p>\n<p><strong>Condulete em a\u00e7o IP66 inox <\/strong><\/p>\n<p><a class=\"dt-single-image\" href=\"https:\/\/acessopercon.com.br\/2022\/wp-content\/uploads\/2017\/08\/Condule-aco-inox-Ex-e-na-PerCon.png\" rel=\"attachment wp-att-45343\" data-dt-img-description=\"\"><img loading=\"lazy\" decoding=\"async\" class=\"alignnone size-full wp-image-45343\" src=\"https:\/\/acessopercon.com.br\/2022\/wp-content\/uploads\/2017\/08\/Condule-aco-inox-Ex-e-na-PerCon.png\" alt=\"Condule a\u00e7o inox Ex \u00e9 na PerCon\" width=\"276\" height=\"196\" \/><\/a><\/p>\n<p>&nbsp;<\/p>\n<p>&nbsp;<\/p>\n<p><strong>Caixas de passagem ou liga\u00e7\u00e3o Ex \u201cd\u201d customizadas IP66<\/strong><\/p>\n<p><a class=\"dt-single-image\" href=\"https:\/\/acessopercon.com.br\/2022\/wp-content\/uploads\/2017\/08\/Caixa-de-passagem-Ex-IP66-e-na-PerCon.png\" rel=\"attachment wp-att-45344\" data-dt-img-description=\"\"><img loading=\"lazy\" decoding=\"async\" class=\"alignnone wp-image-45344\" src=\"https:\/\/acessopercon.com.br\/percon\/wp-content\/uploads\/2017\/08\/Caixa-de-passagem-Ex-IP66-\u00e9-na-PerCon-300x257.png\" alt=\"Caixa de passagem Ex IP66 \u00e9 na PerCon\" width=\"232\" height=\"199\" \/><\/a><a class=\"dt-single-image\" href=\"https:\/\/acessopercon.com.br\/2022\/wp-content\/uploads\/2017\/08\/Caixa-de-passagem-Ex-IP66-e-na-PerCon2.png\" rel=\"attachment wp-att-45345\" data-dt-img-description=\"\"><img loading=\"lazy\" decoding=\"async\" class=\"alignnone size-medium wp-image-45345\" src=\"https:\/\/acessopercon.com.br\/percon\/wp-content\/uploads\/2017\/08\/Caixa-de-passagem-Ex-IP66-\u00e9-na-PerCon2-300x200.png\" alt=\"Caixa de passagem Ex IP66 \u00e9 na PerCon2\" width=\"300\" height=\"200\" \/><\/a><\/p>\n<p>&nbsp;<\/p>\n<p><strong>Botoeiras, acionamentos, indicadores luminosos Ex \u201cd\u201d (\u00e0 prova de explos\u00e3o) IP66 T6 1 e 2 \/ 21 e 22<\/strong><\/p>\n<p><a class=\"dt-single-image\" href=\"https:\/\/acessopercon.com.br\/2022\/wp-content\/uploads\/2017\/08\/Botoeira-com-indicadores-luminosos-Ex-e-na-PerCon.png\" rel=\"attachment wp-att-45346\" data-dt-img-description=\"\"><img loading=\"lazy\" decoding=\"async\" class=\"alignnone wp-image-45346\" src=\"https:\/\/acessopercon.com.br\/percon\/wp-content\/uploads\/2017\/08\/Botoeira-com-indicadores-luminosos-Ex-\u00e9-na-PerCon-300x219.png\" alt=\"Botoeira com indicadores luminosos Ex \u00e9 na PerCon\" width=\"221\" height=\"161\" \/><\/a><a class=\"dt-single-image\" href=\"https:\/\/acessopercon.com.br\/2022\/wp-content\/uploads\/2017\/08\/Botoeira-Ex-com-indicadores-luminosos-e-na-PerCon.png\" rel=\"attachment wp-att-45347\" data-dt-img-description=\"\"><img loading=\"lazy\" decoding=\"async\" class=\"alignnone wp-image-45347\" src=\"https:\/\/acessopercon.com.br\/percon\/wp-content\/uploads\/2017\/08\/Botoeira-Ex-com-indicadores-luminosos-\u00e9-na-PerCon-300x269.png\" alt=\"Botoeira Ex com indicadores luminosos \u00e9 na PerCon\" width=\"170\" height=\"152\" \/><\/a><a class=\"dt-single-image\" href=\"https:\/\/acessopercon.com.br\/2022\/wp-content\/uploads\/2017\/08\/Botoeira-EX-com-indicadores-luminosos-e-na-PerCon2.png\" rel=\"attachment wp-att-45348\" data-dt-img-description=\"\"><img loading=\"lazy\" decoding=\"async\" class=\"alignnone wp-image-45348\" src=\"https:\/\/acessopercon.com.br\/2022\/wp-content\/uploads\/2017\/08\/Botoeira-EX-com-indicadores-luminosos-e-na-PerCon2.png\" alt=\"Botoeira EX com indicadores luminosos \u00e9 na PerCon2\" width=\"58\" height=\"144\" \/><\/a><a class=\"dt-single-image\" href=\"https:\/\/acessopercon.com.br\/2022\/wp-content\/uploads\/2017\/08\/Botoeira-EX-com-indicadores-luminosos-e-na-PerCon3.png\" rel=\"attachment wp-att-45349\" data-dt-img-description=\"\"><img loading=\"lazy\" decoding=\"async\" class=\"alignnone wp-image-45349\" src=\"https:\/\/acessopercon.com.br\/2022\/wp-content\/uploads\/2017\/08\/Botoeira-EX-com-indicadores-luminosos-e-na-PerCon3.png\" alt=\"Botoeira EX com indicadores luminosos \u00e9 na PerCon3\" width=\"83\" height=\"146\" \/><\/a><a class=\"dt-single-image\" href=\"https:\/\/acessopercon.com.br\/2022\/wp-content\/uploads\/2017\/08\/Botoeira-EX-com-indicadores-luminosos-e-na-PerCon4.png\" rel=\"attachment wp-att-45350\" data-dt-img-description=\"\"><img loading=\"lazy\" decoding=\"async\" class=\"alignnone wp-image-45350\" src=\"https:\/\/acessopercon.com.br\/2022\/wp-content\/uploads\/2017\/08\/Botoeira-EX-com-indicadores-luminosos-e-na-PerCon4.png\" alt=\"Botoeira EX com indicadores luminosos \u00e9 na PerCon4\" width=\"78\" height=\"147\" \/><\/a><\/p>\n<p>&nbsp;<\/p>\n<p><strong>Botoeiras Ex \u201ce\u201d (seguran\u00e7a aumentada) IP66 zona 1 e 2<\/strong><\/p>\n<p><a class=\"dt-single-image\" href=\"https:\/\/acessopercon.com.br\/2022\/wp-content\/uploads\/2017\/08\/Botoeira-Ex-seguranca-aumentada-e-na-PerCon.png\" rel=\"attachment wp-att-45351\" data-dt-img-description=\"\"><img loading=\"lazy\" decoding=\"async\" class=\"alignnone wp-image-45351\" src=\"https:\/\/acessopercon.com.br\/2022\/wp-content\/uploads\/2017\/08\/Botoeira-Ex-seguranca-aumentada-e-na-PerCon.png\" alt=\"Botoeira Ex seguran\u00e7a aumentada \u00e9 na PerCon\" width=\"188\" height=\"220\" \/><\/a><a class=\"dt-single-image\" href=\"https:\/\/acessopercon.com.br\/2022\/wp-content\/uploads\/2017\/08\/Botoeira-Ex-seguranca-aumentada-e-na-PerCon2.png\" rel=\"attachment wp-att-45352\" data-dt-img-description=\"\"><img loading=\"lazy\" decoding=\"async\" class=\"alignnone wp-image-45352\" src=\"https:\/\/acessopercon.com.br\/percon\/wp-content\/uploads\/2017\/08\/Botoeira-Ex-seguran\u00e7a-aumentada-\u00e9-na-PerCon2-156x300.png\" alt=\"Botoeira Ex seguran\u00e7a aumentada \u00e9 na PerCon2\" width=\"118\" height=\"227\" \/><\/a><a class=\"dt-single-image\" href=\"https:\/\/acessopercon.com.br\/2022\/wp-content\/uploads\/2017\/08\/Botoeira-Ex-seguranca-aumentada-e-na-PerCon3.png\" rel=\"attachment wp-att-45353\" data-dt-img-description=\"\"><img loading=\"lazy\" decoding=\"async\" class=\"alignnone wp-image-45353\" src=\"https:\/\/acessopercon.com.br\/2022\/wp-content\/uploads\/2017\/08\/Botoeira-Ex-seguranca-aumentada-e-na-PerCon3.png\" alt=\"Botoeira Ex seguran\u00e7a aumentada \u00e9 na PerCon3\" width=\"116\" height=\"219\" \/><\/a><a class=\"dt-single-image\" href=\"https:\/\/acessopercon.com.br\/2022\/wp-content\/uploads\/2017\/08\/Botoeira-Ex-seguranca-aumentada-e-na-PerCon4.png\" rel=\"attachment wp-att-45354\" data-dt-img-description=\"\"><img loading=\"lazy\" decoding=\"async\" class=\"alignnone size-full wp-image-45354\" src=\"https:\/\/acessopercon.com.br\/2022\/wp-content\/uploads\/2017\/08\/Botoeira-Ex-seguranca-aumentada-e-na-PerCon4.png\" alt=\"Botoeira Ex seguran\u00e7a aumentada \u00e9 na PerCon4\" width=\"100\" height=\"216\" \/><\/a><\/p>\n<p>&nbsp;<\/p>\n<p><strong>Caixas de passagem e liga\u00e7\u00e3o Ex \u201ce\u201d (seguran\u00e7a aumentada) IP66 zonas 1 e 2 \/ 21 e 22 e TGVP<\/strong><\/p>\n<p><strong>&#8211; Poli\u00e9ster;<\/strong><\/p>\n<p><strong>&#8211; Alum\u00ednio;<\/strong><\/p>\n<p><strong>&#8211; A\u00e7o Inox.<\/strong><\/p>\n<p><a class=\"dt-single-image\" href=\"https:\/\/acessopercon.com.br\/2022\/wp-content\/uploads\/2017\/08\/Caixa-de-passagem-e-ligacao-Ex-e-na-PerCon.png\" rel=\"attachment wp-att-45355\" data-dt-img-description=\"\"><img loading=\"lazy\" decoding=\"async\" class=\"alignnone wp-image-45355\" src=\"https:\/\/acessopercon.com.br\/percon\/wp-content\/uploads\/2017\/08\/Caixa-de-passagem-e-liga\u00e7\u00e3o-Ex-\u00e9-na-PerCon-300x199.png\" alt=\"Caixa de passagem e liga\u00e7\u00e3o Ex \u00e9 na PerCon\" width=\"216\" height=\"143\" \/><\/a><a class=\"dt-single-image\" href=\"https:\/\/acessopercon.com.br\/2022\/wp-content\/uploads\/2017\/08\/Caixa-de-passagem-e-ligacao-Ex-e-na-PerCon2.png\" rel=\"attachment wp-att-45356\" data-dt-img-description=\"\"><img loading=\"lazy\" decoding=\"async\" class=\"alignnone wp-image-45356\" src=\"https:\/\/acessopercon.com.br\/2022\/wp-content\/uploads\/2017\/08\/Caixa-de-passagem-e-ligacao-Ex-e-na-PerCon2.png\" alt=\"Caixa de passagem e liga\u00e7\u00e3o Ex \u00e9 na PerCon2\" width=\"161\" height=\"139\" \/><\/a><a class=\"dt-single-image\" href=\"https:\/\/acessopercon.com.br\/2022\/wp-content\/uploads\/2017\/08\/Caixa-de-passagem-e-ligacao-Ex-e-na-PerCon3.png\" rel=\"attachment wp-att-45357\" data-dt-img-description=\"\"><img loading=\"lazy\" decoding=\"async\" class=\"alignnone wp-image-45357\" src=\"https:\/\/acessopercon.com.br\/2022\/wp-content\/uploads\/2017\/08\/Caixa-de-passagem-e-ligacao-Ex-e-na-PerCon3.png\" alt=\"Caixa de passagem e liga\u00e7\u00e3o Ex \u00e9 na PerCon3\" width=\"162\" height=\"143\" \/><\/a><a class=\"dt-single-image\" href=\"https:\/\/acessopercon.com.br\/2022\/wp-content\/uploads\/2017\/08\/Caixa-de-passagem-e-ligacao-Ex-e-na-PerCon4.png\" rel=\"attachment wp-att-45358\" data-dt-img-description=\"\"><img loading=\"lazy\" decoding=\"async\" class=\"alignnone wp-image-45358\" src=\"https:\/\/acessopercon.com.br\/percon\/wp-content\/uploads\/2017\/08\/Caixa-de-passagem-e-liga\u00e7\u00e3o-Ex-\u00e9-na-PerCon4-300x237.png\" alt=\"Caixa de passagem e liga\u00e7\u00e3o Ex \u00e9 na PerCon4\" width=\"185\" height=\"146\" \/><\/a><\/p>\n<p>&nbsp;<\/p>\n<p><strong>Pain\u00e9is \u00e0 prova de explos\u00e3o (customizados) IP66 zonas 1 e 2 \/ 21 e 22<\/strong><\/p>\n<p><a class=\"dt-single-image\" href=\"https:\/\/acessopercon.com.br\/2022\/wp-content\/uploads\/2017\/08\/Paineis-a-prova-de-explosao-e-na-PerCon.png\" rel=\"attachment wp-att-45359\" data-dt-img-description=\"\"><img loading=\"lazy\" decoding=\"async\" class=\"alignnone wp-image-45359\" src=\"https:\/\/acessopercon.com.br\/percon\/wp-content\/uploads\/2017\/08\/Pain\u00e9is-\u00e0-prova-de-explos\u00e3o-\u00e9-na-PerCon-300x200.png\" alt=\"Pain\u00e9is \u00e0 prova de explos\u00e3o \u00e9 na PerCon\" width=\"242\" height=\"161\" \/><\/a><a class=\"dt-single-image\" href=\"https:\/\/acessopercon.com.br\/2022\/wp-content\/uploads\/2017\/08\/Paineis-a-prova-de-explosao-e-na-PerCon2.png\" rel=\"attachment wp-att-45360\" data-dt-img-description=\"\"><img loading=\"lazy\" decoding=\"async\" class=\"alignnone size-full wp-image-45360\" src=\"https:\/\/acessopercon.com.br\/2022\/wp-content\/uploads\/2017\/08\/Paineis-a-prova-de-explosao-e-na-PerCon2.png\" alt=\"Pain\u00e9is \u00e0 prova de explos\u00e3o \u00e9 na PerCon2\" width=\"276\" height=\"183\" \/><\/a><\/p>\n<p>&nbsp;<\/p>\n<p><strong>Pain\u00e9is de seguran\u00e7a aumentada (customizados) IP66 zonas 1 e 2 \/ 21 e 22<\/strong><\/p>\n<p><a class=\"dt-single-image\" href=\"https:\/\/acessopercon.com.br\/2022\/wp-content\/uploads\/2017\/08\/Paineis-seguranca-aumentada-e-na-PerCon.png\" rel=\"attachment wp-att-45361\" data-dt-img-description=\"\"><img loading=\"lazy\" decoding=\"async\" class=\"alignnone size-medium wp-image-45361\" src=\"https:\/\/acessopercon.com.br\/percon\/wp-content\/uploads\/2017\/08\/Pain\u00e9is-seguran\u00e7a-aumentada-\u00e9-na-PerCon-300x199.png\" alt=\"Pain\u00e9is seguran\u00e7a aumentada \u00e9 na PerCon\" width=\"300\" height=\"199\" \/><\/a><\/p>\n<p>&nbsp;<\/p>\n<p><strong>Painel m\u00f3vel com tomadas para \u00e1reas classificadas utilizadas em m\u00e1quinas de solda e manuten\u00e7\u00e3o em geral. Ex \u201cde\u201d IP66 zonas 1 e 2\/ 21 e 22<\/strong><\/p>\n<p><a class=\"dt-single-image\" href=\"https:\/\/acessopercon.com.br\/2022\/wp-content\/uploads\/2017\/08\/Painel-movel-com-tomada-Ex-e-na-PerCon.png\" rel=\"attachment wp-att-45362\" data-dt-img-description=\"\"><img loading=\"lazy\" decoding=\"async\" class=\"alignnone size-medium wp-image-45362\" src=\"https:\/\/acessopercon.com.br\/percon\/wp-content\/uploads\/2017\/08\/Painel-m\u00f3vel-com-tomada-Ex-\u00e9-na-PerCon-200x300.png\" alt=\"Painel m\u00f3vel com tomada Ex \u00e9 na PerCon\" width=\"200\" height=\"300\" \/><\/a><\/p>\n<p>&nbsp;<\/p>\n<p><strong>Acionamentos \u201ce\u201d (seguran\u00e7a aumentada) para botoeiras e pain\u00e9is<\/strong><\/p>\n<p><strong>&#8211; Pulsadores;<\/strong><\/p>\n<p><strong>&#8211; Indicadores luminosos;<\/strong><\/p>\n<p><strong>&#8211; Comutadores, Potenci\u00f4metros;<\/strong><\/p>\n<p><strong>&#8211; Volt\u00edmetros e Amper\u00edmetros.<\/strong><\/p>\n<p><a class=\"dt-single-image\" href=\"https:\/\/acessopercon.com.br\/2022\/wp-content\/uploads\/2017\/08\/Acionamentos-seguranca-aumentada-e-na-PerCon.png\" rel=\"attachment wp-att-45363\" data-dt-img-description=\"\"><img loading=\"lazy\" decoding=\"async\" class=\"alignnone wp-image-45363\" src=\"https:\/\/acessopercon.com.br\/percon\/wp-content\/uploads\/2017\/08\/Acionamentos-seguran\u00e7a-aumentada-\u00e9-na-PerCon-300x176.png\" alt=\"Acionamentos seguran\u00e7a aumentada \u00e9 na PerCon\" width=\"205\" height=\"120\" \/><\/a><a class=\"dt-single-image\" href=\"https:\/\/acessopercon.com.br\/2022\/wp-content\/uploads\/2017\/08\/Acionamentos-seguranca-aumentada-e-na-PerCon2.png\" rel=\"attachment wp-att-45364\" data-dt-img-description=\"\"><img loading=\"lazy\" decoding=\"async\" class=\"alignnone wp-image-45364\" src=\"https:\/\/acessopercon.com.br\/2022\/wp-content\/uploads\/2017\/08\/Acionamentos-seguranca-aumentada-e-na-PerCon2.png\" alt=\"Acionamentos seguran\u00e7a aumentada \u00e9 na PerCon2\" width=\"154\" height=\"155\" srcset=\"https:\/\/acessopercon.com.br\/percon\/wp-content\/uploads\/2017\/08\/Acionamentos-seguranca-aumentada-e-na-PerCon2.png 272w, https:\/\/acessopercon.com.br\/percon\/wp-content\/uploads\/2017\/08\/Acionamentos-seguranca-aumentada-e-na-PerCon2-150x150.png 150w\" sizes=\"(max-width: 154px) 100vw, 154px\" \/><\/a><a class=\"dt-single-image\" href=\"https:\/\/acessopercon.com.br\/2022\/wp-content\/uploads\/2017\/08\/Acionamentos-seguranca-aumentada-e-na-PerCon3.png\" rel=\"attachment wp-att-45365\" data-dt-img-description=\"\"><img loading=\"lazy\" decoding=\"async\" class=\"alignnone wp-image-45365\" src=\"https:\/\/acessopercon.com.br\/2022\/wp-content\/uploads\/2017\/08\/Acionamentos-seguranca-aumentada-e-na-PerCon3.png\" alt=\"Acionamentos seguran\u00e7a aumentada \u00e9 na PerCon3\" width=\"198\" height=\"129\" \/><\/a><a class=\"dt-single-image\" href=\"https:\/\/acessopercon.com.br\/2022\/wp-content\/uploads\/2017\/08\/Acionamentos-seguranca-aumentada-e-na-PerCon4.png\" rel=\"attachment wp-att-45366\" data-dt-img-description=\"\"><img loading=\"lazy\" decoding=\"async\" class=\"alignnone wp-image-45366\" src=\"https:\/\/acessopercon.com.br\/2022\/wp-content\/uploads\/2017\/08\/Acionamentos-seguranca-aumentada-e-na-PerCon4.png\" alt=\"Acionamentos seguran\u00e7a aumentada \u00e9 na PerCon4\" width=\"146\" height=\"106\" \/><\/a><\/p>\n<p>&nbsp;<\/p>\n<p><strong>Componentes Ex \u201ce\u201d (seguran\u00e7a aumentada) para pain\u00e9is<\/strong><\/p>\n<p><strong>&#8211; Disjuntores;<\/strong><\/p>\n<p><strong>&#8211; Contatores;<\/strong><\/p>\n<p><strong>&#8211; Comutadoras;<\/strong><\/p>\n<p><strong>&#8211; Rel\u00e9s T\u00e9rmicos;<\/strong><\/p>\n<p><strong>&#8211; Temporizadores;<\/strong><\/p>\n<p><strong>&#8211; Seccionadoras<\/strong><\/p>\n<p><a class=\"dt-single-image\" href=\"https:\/\/acessopercon.com.br\/2022\/wp-content\/uploads\/2017\/08\/Componente-Ex-e-na-PerCon.png\" rel=\"attachment wp-att-45367\" data-dt-img-description=\"\"><img loading=\"lazy\" decoding=\"async\" class=\"alignnone wp-image-45367\" src=\"https:\/\/acessopercon.com.br\/percon\/wp-content\/uploads\/2017\/08\/Componente-Ex-\u00e9-na-PerCon-300x300.png\" alt=\"Componente Ex \u00e9 na PerCon\" width=\"184\" height=\"184\" \/><\/a><a class=\"dt-single-image\" href=\"https:\/\/acessopercon.com.br\/2022\/wp-content\/uploads\/2017\/08\/Componente-Ex-e-na-PerCon2.png\" rel=\"attachment wp-att-45368\" data-dt-img-description=\"\"><img loading=\"lazy\" decoding=\"async\" class=\"alignnone size-full wp-image-45368\" src=\"https:\/\/acessopercon.com.br\/2022\/wp-content\/uploads\/2017\/08\/Componente-Ex-e-na-PerCon2.png\" alt=\"Componente Ex \u00e9 na PerCon2\" width=\"84\" height=\"173\" \/><\/a><a class=\"dt-single-image\" href=\"https:\/\/acessopercon.com.br\/2022\/wp-content\/uploads\/2017\/08\/Componente-Ex-e-na-PerCon3.png\" rel=\"attachment wp-att-45369\" data-dt-img-description=\"\"><img loading=\"lazy\" decoding=\"async\" class=\"alignnone wp-image-45369\" src=\"https:\/\/acessopercon.com.br\/2022\/wp-content\/uploads\/2017\/08\/Componente-Ex-e-na-PerCon3.png\" alt=\"Componente Ex \u00e9 na PerCon3\" width=\"103\" height=\"165\" \/><\/a><a class=\"dt-single-image\" href=\"https:\/\/acessopercon.com.br\/2022\/wp-content\/uploads\/2017\/08\/Componente-Ex-e-na-PerCon4.png\" rel=\"attachment wp-att-45370\" data-dt-img-description=\"\"><img loading=\"lazy\" decoding=\"async\" class=\"alignnone size-full wp-image-45370\" src=\"https:\/\/acessopercon.com.br\/2022\/wp-content\/uploads\/2017\/08\/Componente-Ex-e-na-PerCon4.png\" alt=\"Componente Ex \u00e9 na PerCon4\" width=\"84\" height=\"171\" \/><\/a><\/p>\n<p>&nbsp;<\/p>\n<p>&nbsp;<\/p>\n<p><strong>Lumin\u00e1rias Ex<\/strong><\/p>\n<p><strong>&#8211; Fluorescentes e LED Tubular<\/strong><\/p>\n<p><strong>&#8211; IP66 zonas 1 e 2 \/ 21 e 22<\/strong><\/p>\n<p><a class=\"dt-single-image\" href=\"https:\/\/acessopercon.com.br\/2022\/wp-content\/uploads\/2017\/08\/Luminaria-Ex-e-na-PerCon.png\" rel=\"attachment wp-att-45371\" data-dt-img-description=\"\"><img loading=\"lazy\" decoding=\"async\" class=\"alignnone size-medium wp-image-45371\" src=\"https:\/\/acessopercon.com.br\/percon\/wp-content\/uploads\/2017\/08\/Luminaria-Ex-\u00e9-na-PerCon-300x199.png\" alt=\"Luminaria Ex \u00e9 na PerCon\" width=\"300\" height=\"199\" \/><\/a><a class=\"dt-single-image\" href=\"https:\/\/acessopercon.com.br\/2022\/wp-content\/uploads\/2017\/08\/Luminaria-Ex-e-na-PerCon2.png\" rel=\"attachment wp-att-45372\" data-dt-img-description=\"\"><img loading=\"lazy\" decoding=\"async\" class=\"alignnone size-medium wp-image-45372\" src=\"https:\/\/acessopercon.com.br\/percon\/wp-content\/uploads\/2017\/08\/Luminaria-Ex-\u00e9-na-PerCon2-300x199.png\" alt=\"Luminaria Ex \u00e9 na PerCon2\" width=\"300\" height=\"199\" \/><\/a><\/p>\n<p>&nbsp;<\/p>\n<p><strong>Lumin\u00e1rias Ex de emerg\u00eancia IP66 zonas 1 e 2 \/ 21 e 22<\/strong><\/p>\n<p><strong><a class=\"dt-single-image\" href=\"https:\/\/acessopercon.com.br\/2022\/wp-content\/uploads\/2017\/08\/Luminaria-de-emergencia-Ex-e-na-PerCon.png\" rel=\"attachment wp-att-45373\" data-dt-img-description=\"\"><img loading=\"lazy\" decoding=\"async\" class=\"alignnone size-medium wp-image-45373\" src=\"https:\/\/acessopercon.com.br\/percon\/wp-content\/uploads\/2017\/08\/Luminaria-de-emergencia-Ex-\u00e9-na-PerCon-300x110.png\" alt=\"Luminaria de emergencia Ex \u00e9 na PerCon\" width=\"300\" height=\"110\" \/><\/a><\/strong><\/p>\n<p>&nbsp;<\/p>\n<p><strong>Lumin\u00e1rias Ex<\/strong><\/p>\n<p><strong>&#8211; Montagem em poste, pendente;<\/strong><\/p>\n<p><strong>&#8211; LED, L\u00e2mpada fluorescente compacta at\u00e9 60W, vapor met\u00e1lico \/ s\u00f3dio \/ merc\u00fario at\u00e9 400W;<\/strong><\/p>\n<p><strong>&#8211; Com possibilidade de coloca\u00e7\u00e3o de refletor.<\/strong><\/p>\n<p><strong>&#8211; IP66 zonas 1 e 2 \/ 21 e 22<\/strong><\/p>\n<p><a class=\"dt-single-image\" href=\"https:\/\/acessopercon.com.br\/2022\/wp-content\/uploads\/2017\/08\/Luminaria-Ex-para-montagem-pendente-e-na-PerCon.png\" rel=\"attachment wp-att-45374\" data-dt-img-description=\"\"><img loading=\"lazy\" decoding=\"async\" class=\"alignnone wp-image-45374\" src=\"https:\/\/acessopercon.com.br\/percon\/wp-content\/uploads\/2017\/08\/Luminaria-Ex-para-montagem-pendente-\u00e9-na-PerCon-214x300.png\" alt=\"Luminaria Ex para montagem pendente \u00e9 na PerCon\" width=\"141\" height=\"198\" \/><\/a><a class=\"dt-single-image\" href=\"https:\/\/acessopercon.com.br\/2022\/wp-content\/uploads\/2017\/08\/Luminaria-Ex-para-montagem-pendente-e-na-PerCon2.png\" rel=\"attachment wp-att-45375\" data-dt-img-description=\"\"><img loading=\"lazy\" decoding=\"async\" class=\"alignnone wp-image-45375\" src=\"https:\/\/acessopercon.com.br\/percon\/wp-content\/uploads\/2017\/08\/Luminaria-Ex-para-montagem-pendente-\u00e9-na-PerCon2-207x300.png\" alt=\"Luminaria Ex para montagem pendente \u00e9 na PerCon2\" width=\"102\" height=\"148\" \/><\/a><a class=\"dt-single-image\" href=\"https:\/\/acessopercon.com.br\/2022\/wp-content\/uploads\/2017\/08\/Luminaria-Ex-para-montagem-pendente-e-na-PerCon3.png\" rel=\"attachment wp-att-45376\" data-dt-img-description=\"\"><img loading=\"lazy\" decoding=\"async\" class=\"alignnone wp-image-45376\" src=\"https:\/\/acessopercon.com.br\/2022\/wp-content\/uploads\/2017\/08\/Luminaria-Ex-para-montagem-pendente-e-na-PerCon3.png\" alt=\"Luminaria Ex para montagem pendente \u00e9 na PerCon3\" width=\"172\" height=\"164\" \/><\/a><a class=\"dt-single-image\" href=\"https:\/\/acessopercon.com.br\/2022\/wp-content\/uploads\/2017\/08\/Luminaria-Ex-para-montagem-pendente-e-na-PerCon4.png\" rel=\"attachment wp-att-45377\" data-dt-img-description=\"\"><img loading=\"lazy\" decoding=\"async\" class=\"alignnone wp-image-45377\" src=\"https:\/\/acessopercon.com.br\/2022\/wp-content\/uploads\/2017\/08\/Luminaria-Ex-para-montagem-pendente-e-na-PerCon4.png\" alt=\"Luminaria Ex para montagem pendente \u00e9 na PerCon4\" width=\"135\" height=\"160\" \/><\/a><a class=\"dt-single-image\" href=\"https:\/\/acessopercon.com.br\/2022\/wp-content\/uploads\/2017\/08\/Luminaria-Ex-para-montagem-pendente-e-na-PerCon5.png\" rel=\"attachment wp-att-45378\" data-dt-img-description=\"\"><img loading=\"lazy\" decoding=\"async\" class=\"alignnone wp-image-45378\" src=\"https:\/\/acessopercon.com.br\/2022\/wp-content\/uploads\/2017\/08\/Luminaria-Ex-para-montagem-pendente-e-na-PerCon5.png\" alt=\"Luminaria Ex para montagem pendente \u00e9 na PerCon5\" width=\"148\" height=\"140\" \/><\/a><\/p>\n<p>&nbsp;<\/p>\n<p><strong>Projetores Ex<\/strong><\/p>\n<p><strong>&#8211; Montagem em poste, pendente;<\/strong><\/p>\n<p><strong>&#8211; LED, vapor met\u00e1lico\/s\u00f3dio\/merc\u00fario at\u00e9 400W.<\/strong><\/p>\n<p><strong>&#8211; IP66 zonas 1e2 \/ 21e22<\/strong><\/p>\n<p><a class=\"dt-single-image\" href=\"https:\/\/acessopercon.com.br\/2022\/wp-content\/uploads\/2017\/08\/Projetor-Ex-e-na-PerCon.png\" rel=\"attachment wp-att-45379\" data-dt-img-description=\"\"><img loading=\"lazy\" decoding=\"async\" class=\"alignnone size-medium wp-image-45379\" src=\"https:\/\/acessopercon.com.br\/percon\/wp-content\/uploads\/2017\/08\/Projetor-Ex-\u00e9-na-PerCon-134x300.png\" alt=\"Projetor Ex \u00e9 na PerCon\" width=\"134\" height=\"300\" \/><\/a> <a class=\"dt-single-image\" href=\"https:\/\/acessopercon.com.br\/2022\/wp-content\/uploads\/2017\/08\/Projetor-Ex-e-na-PerCon2.png\" rel=\"attachment wp-att-45380\" data-dt-img-description=\"\"><img loading=\"lazy\" decoding=\"async\" class=\"alignnone size-medium wp-image-45380\" src=\"https:\/\/acessopercon.com.br\/percon\/wp-content\/uploads\/2017\/08\/Projetor-Ex-\u00e9-na-PerCon2-203x300.png\" alt=\"Projetor Ex \u00e9 na PerCon2\" width=\"203\" height=\"300\" \/><\/a> <a class=\"dt-single-image\" href=\"https:\/\/acessopercon.com.br\/2022\/wp-content\/uploads\/2017\/08\/Projetor-Ex-e-na-PerCon3.png\" rel=\"attachment wp-att-45381\" data-dt-img-description=\"\"><img loading=\"lazy\" decoding=\"async\" class=\"alignnone size-medium wp-image-45381\" src=\"https:\/\/acessopercon.com.br\/percon\/wp-content\/uploads\/2017\/08\/Projetor-Ex-\u00e9-na-PerCon3-188x300.png\" alt=\"Projetor Ex \u00e9 na PerCon3\" width=\"188\" height=\"300\" \/><\/a><\/p>\n<p>&nbsp;<\/p>\n<p>&nbsp;<\/p>\n<p><strong>Projetores e Lumin\u00e1rias LED TGVP<\/strong><\/p>\n<p><strong>&#8211; Modelos: Vi\u00e1rias, High Bay e outros. IP66<\/strong><\/p>\n<p><a class=\"dt-single-image\" href=\"https:\/\/acessopercon.com.br\/2022\/wp-content\/uploads\/2017\/08\/Projetores-e-luminarias-Ex-a-LED-e-na-PerCon.png\" rel=\"attachment wp-att-45382\" data-dt-img-description=\"\"><img loading=\"lazy\" decoding=\"async\" class=\"alignnone size-medium wp-image-45382\" src=\"https:\/\/acessopercon.com.br\/percon\/wp-content\/uploads\/2017\/08\/Projetores-e-luminarias-Ex-a-LED-\u00e9-na-PerCon-300x142.png\" alt=\"Projetores e luminarias Ex a LED \u00e9 na PerCon\" width=\"300\" height=\"142\" \/><\/a><a class=\"dt-single-image\" href=\"https:\/\/acessopercon.com.br\/2022\/wp-content\/uploads\/2017\/08\/Projetores-e-luminarias-Ex-a-LED-e-na-PerCon2.png\" rel=\"attachment wp-att-45383\" data-dt-img-description=\"\"><img loading=\"lazy\" decoding=\"async\" class=\"alignnone size-full wp-image-45383\" src=\"https:\/\/acessopercon.com.br\/2022\/wp-content\/uploads\/2017\/08\/Projetores-e-luminarias-Ex-a-LED-e-na-PerCon2.png\" alt=\"Projetores e luminarias Ex a LED \u00e9 na PerCon2\" width=\"136\" height=\"164\" \/><\/a><a class=\"dt-single-image\" href=\"https:\/\/acessopercon.com.br\/2022\/wp-content\/uploads\/2017\/08\/Projetores-e-luminarias-Ex-a-LED-e-na-PerCon3.png\" rel=\"attachment wp-att-45384\" data-dt-img-description=\"\"><img loading=\"lazy\" decoding=\"async\" class=\"alignnone wp-image-45384\" src=\"https:\/\/acessopercon.com.br\/percon\/wp-content\/uploads\/2017\/08\/Projetores-e-luminarias-Ex-a-LED-\u00e9-na-PerCon3-300x269.png\" alt=\"Projetores e luminarias Ex a LED \u00e9 na PerCon3\" width=\"188\" height=\"169\" \/><\/a><a class=\"dt-single-image\" href=\"https:\/\/acessopercon.com.br\/2022\/wp-content\/uploads\/2017\/08\/Projetores-e-luminarias-Ex-a-LED-e-na-PerCon4.png\" rel=\"attachment wp-att-45385\" data-dt-img-description=\"\"><img loading=\"lazy\" decoding=\"async\" class=\"alignnone size-full wp-image-45385\" src=\"https:\/\/acessopercon.com.br\/2022\/wp-content\/uploads\/2017\/08\/Projetores-e-luminarias-Ex-a-LED-e-na-PerCon4.png\" alt=\"Projetores e luminarias Ex a LED \u00e9 na PerCon4\" width=\"148\" height=\"79\" \/><\/a><\/p>\n<p>&nbsp;<\/p>\n<p><strong>Tomadas Ex<\/strong><\/p>\n<p><strong>&#8211; IP66\/68 Zonas 1e2\/21e22;<\/strong><\/p>\n<p><strong>&#8211; 16A, 32A, 63A, 125A.<\/strong><\/p>\n<p><a class=\"dt-single-image\" href=\"https:\/\/acessopercon.com.br\/2022\/wp-content\/uploads\/2017\/08\/Tomada-Ex-e-na-PerCon.png\" rel=\"attachment wp-att-45386\" data-dt-img-description=\"\"><img loading=\"lazy\" decoding=\"async\" class=\"alignnone wp-image-45386\" src=\"https:\/\/acessopercon.com.br\/percon\/wp-content\/uploads\/2017\/08\/Tomada-Ex-\u00e9-na-PerCon-300x238.png\" alt=\"Tomada Ex \u00e9 na PerCon\" width=\"190\" height=\"151\" \/> <\/a><a class=\"dt-single-image\" href=\"https:\/\/acessopercon.com.br\/2022\/wp-content\/uploads\/2017\/08\/Tomada-Ex-e-na-PerCon2.png\" rel=\"attachment wp-att-45388\" data-dt-img-description=\"\"><img loading=\"lazy\" decoding=\"async\" class=\"alignnone wp-image-45388\" src=\"https:\/\/acessopercon.com.br\/2022\/wp-content\/uploads\/2017\/08\/Tomada-Ex-e-na-PerCon2.png\" alt=\"Tomada Ex \u00e9 na PerCon2\" width=\"187\" height=\"156\" \/><\/a><a class=\"dt-single-image\" href=\"https:\/\/acessopercon.com.br\/2022\/wp-content\/uploads\/2017\/08\/Tomada-Ex-e-na-PerCon3.png\" rel=\"attachment wp-att-45389\" data-dt-img-description=\"\"><img loading=\"lazy\" decoding=\"async\" class=\"alignnone wp-image-45389\" src=\"https:\/\/acessopercon.com.br\/2022\/wp-content\/uploads\/2017\/08\/Tomada-Ex-e-na-PerCon3.png\" alt=\"Tomada Ex \u00e9 na PerCon3\" width=\"211\" height=\"182\" \/><\/a><\/p>\n<p>&nbsp;<\/p>\n<p>&nbsp;<\/p>\n<p><strong>&#8211; Ex \u201cd\u201d e Ex \u201ce\u201d<\/strong><\/p>\n<p><strong>&#8211; Poliamida, Alum\u00ednio, Lat\u00e3o niquelado, A\u00e7o Inox<\/strong><\/p>\n<p><strong>&#8211; Cabo armado, Cabo n\u00e3o armado.<\/strong><\/p>\n<p><strong>&#8211; IP66 zonas 1 e 2 \/ 21 e 22<\/strong><\/p>\n<p><a class=\"dt-single-image\" href=\"https:\/\/acessopercon.com.br\/2022\/wp-content\/uploads\/2017\/08\/Prensa-cabos-Ex-e-na-PerCon.png\" rel=\"attachment wp-att-45390\" data-dt-img-description=\"\"><img loading=\"lazy\" decoding=\"async\" class=\"alignnone wp-image-45390\" src=\"https:\/\/acessopercon.com.br\/2022\/wp-content\/uploads\/2017\/08\/Prensa-cabos-Ex-e-na-PerCon.png\" alt=\"Prensa cabos Ex \u00e9 na PerCon\" width=\"153\" height=\"129\" \/><\/a><a class=\"dt-single-image\" href=\"https:\/\/acessopercon.com.br\/2022\/wp-content\/uploads\/2017\/08\/Prensa-cabos-Ex-e-na-PerCon2.png\" rel=\"attachment wp-att-45391\" data-dt-img-description=\"\"><img loading=\"lazy\" decoding=\"async\" class=\"alignnone wp-image-45391\" src=\"https:\/\/acessopercon.com.br\/2022\/wp-content\/uploads\/2017\/08\/Prensa-cabos-Ex-e-na-PerCon2.png\" alt=\"Prensa cabos Ex \u00e9 na PerCon2\" width=\"168\" height=\"145\" \/><\/a><a class=\"dt-single-image\" href=\"https:\/\/acessopercon.com.br\/2022\/wp-content\/uploads\/2017\/08\/Prensa-cabos-Ex-e-na-PerCon3.png\" rel=\"attachment wp-att-45392\" data-dt-img-description=\"\"><img loading=\"lazy\" decoding=\"async\" class=\"alignnone wp-image-45392\" src=\"https:\/\/acessopercon.com.br\/2022\/wp-content\/uploads\/2017\/08\/Prensa-cabos-Ex-e-na-PerCon3.png\" alt=\"Prensa cabos Ex \u00e9 na PerCon3\" width=\"153\" height=\"132\" \/><\/a><\/p>\n<p><a class=\"dt-single-image\" href=\"https:\/\/acessopercon.com.br\/2022\/wp-content\/uploads\/2017\/08\/Prensa-cabos-Ex-e-na-PerCon4.png\" rel=\"attachment wp-att-45393\" data-dt-img-description=\"\"><img loading=\"lazy\" decoding=\"async\" class=\"alignnone wp-image-45393\" src=\"https:\/\/acessopercon.com.br\/percon\/wp-content\/uploads\/2017\/08\/Prensa-cabos-Ex-\u00e9-na-PerCon4-227x300.png\" alt=\"Prensa cabos Ex \u00e9 na PerCon4\" width=\"155\" height=\"205\" \/><\/a><a class=\"dt-single-image\" href=\"https:\/\/acessopercon.com.br\/2022\/wp-content\/uploads\/2017\/08\/Prensa-cabos-Ex-e-na-PerCon5.png\" rel=\"attachment wp-att-45394\" data-dt-img-description=\"\"><img loading=\"lazy\" decoding=\"async\" class=\"alignnone wp-image-45394\" src=\"https:\/\/acessopercon.com.br\/percon\/wp-content\/uploads\/2017\/08\/Prensa-cabos-Ex-\u00e9-na-PerCon5-201x300.png\" alt=\"Prensa cabos Ex \u00e9 na PerCon5\" width=\"138\" height=\"206\" \/><\/a><\/p>\n<p>&nbsp;<\/p>\n<p><strong>Linha de acess\u00f3rios e conex\u00f5es Ex<\/strong><\/p>\n<p><a class=\"dt-single-image\" href=\"https:\/\/acessopercon.com.br\/2022\/wp-content\/uploads\/2017\/08\/Linha-de-acessorios-e-conexoes-Ex-e-na-PerCon.png\" rel=\"attachment wp-att-45395\" data-dt-img-description=\"\"><img loading=\"lazy\" decoding=\"async\" class=\"alignnone size-full wp-image-45395\" src=\"https:\/\/acessopercon.com.br\/2022\/wp-content\/uploads\/2017\/08\/Linha-de-acessorios-e-conexoes-Ex-e-na-PerCon.png\" alt=\"Linha de acess\u00f3rios e conex\u00f5es Ex \u00e9 na PerCon\" width=\"112\" height=\"186\" \/><\/a> <a class=\"dt-single-image\" href=\"https:\/\/acessopercon.com.br\/2022\/wp-content\/uploads\/2017\/08\/Linha-de-acessorios-e-conexoes-Ex-e-na-PerCon2.png\" rel=\"attachment wp-att-45396\" data-dt-img-description=\"\"><img loading=\"lazy\" decoding=\"async\" class=\"alignnone size-medium wp-image-45396\" src=\"https:\/\/acessopercon.com.br\/2022\/wp-content\/uploads\/2017\/08\/Linha-de-acessorios-e-conexoes-Ex-e-na-PerCon2.png\" alt=\"Linha de acess\u00f3rios e conex\u00f5es Ex \u00e9 na PerCon2\" width=\"120\" height=\"134\" \/><\/a> <a class=\"dt-single-image\" href=\"https:\/\/acessopercon.com.br\/2022\/wp-content\/uploads\/2017\/08\/Linha-de-acessorios-e-conexoes-Ex-e-na-PerCon3.png\" rel=\"attachment wp-att-45397\" data-dt-img-description=\"\"><img loading=\"lazy\" decoding=\"async\" class=\"alignnone size-medium wp-image-45397\" src=\"https:\/\/acessopercon.com.br\/2022\/wp-content\/uploads\/2017\/08\/Linha-de-acessorios-e-conexoes-Ex-e-na-PerCon3.png\" alt=\"Linha de acess\u00f3rios e conex\u00f5es Ex \u00e9 na PerCon3\" width=\"116\" height=\"126\" \/><\/a><a class=\"dt-single-image\" href=\"https:\/\/acessopercon.com.br\/2022\/wp-content\/uploads\/2017\/08\/Linha-de-acessorios-e-conexoes-Ex-e-na-PerCon4.png\" rel=\"attachment wp-att-45398\" data-dt-img-description=\"\"><img loading=\"lazy\" decoding=\"async\" class=\"alignnone size-full wp-image-45398\" src=\"https:\/\/acessopercon.com.br\/2022\/wp-content\/uploads\/2017\/08\/Linha-de-acessorios-e-conexoes-Ex-e-na-PerCon4.png\" alt=\"Linha de acess\u00f3rios e conex\u00f5es Ex \u00e9 na PerCon4\" width=\"120\" height=\"131\" \/><\/a><a class=\"dt-single-image\" href=\"https:\/\/acessopercon.com.br\/2022\/wp-content\/uploads\/2017\/08\/Linha-de-acessorios-e-conexoes-Ex-e-na-PerCon5.png\" rel=\"attachment wp-att-45399\" data-dt-img-description=\"\"><img loading=\"lazy\" decoding=\"async\" class=\"alignnone size-full wp-image-45399\" src=\"https:\/\/acessopercon.com.br\/2022\/wp-content\/uploads\/2017\/08\/Linha-de-acessorios-e-conexoes-Ex-e-na-PerCon5.png\" alt=\"Linha de acess\u00f3rios e conex\u00f5es Ex \u00e9 na PerCon5\" width=\"104\" height=\"145\" \/><\/a><\/p>\n<p><a class=\"dt-single-image\" href=\"https:\/\/acessopercon.com.br\/2022\/wp-content\/uploads\/2017\/08\/Linha-de-acessorios-e-conexoes-Ex-e-na-PerCon6.png\" rel=\"attachment wp-att-45400\" data-dt-img-description=\"\"><img loading=\"lazy\" decoding=\"async\" class=\"alignnone size-full wp-image-45400\" src=\"https:\/\/acessopercon.com.br\/2022\/wp-content\/uploads\/2017\/08\/Linha-de-acessorios-e-conexoes-Ex-e-na-PerCon6.png\" alt=\"Linha de acess\u00f3rios e conex\u00f5es Ex \u00e9 na PerCon6\" width=\"80\" height=\"140\" \/><\/a><a class=\"dt-single-image\" href=\"https:\/\/acessopercon.com.br\/2022\/wp-content\/uploads\/2017\/08\/Linha-de-acessorios-e-conexoes-Ex-e-na-PerCon7.png\" rel=\"attachment wp-att-45401\" data-dt-img-description=\"\"><img loading=\"lazy\" decoding=\"async\" class=\"alignnone size-full wp-image-45401\" src=\"https:\/\/acessopercon.com.br\/2022\/wp-content\/uploads\/2017\/08\/Linha-de-acessorios-e-conexoes-Ex-e-na-PerCon7.png\" alt=\"Linha de acess\u00f3rios e conex\u00f5es Ex \u00e9 na PerCon7\" width=\"112\" height=\"150\" \/><\/a><a class=\"dt-single-image\" href=\"https:\/\/acessopercon.com.br\/2022\/wp-content\/uploads\/2017\/08\/Linha-de-acessorios-e-conexoes-Ex-e-na-PerCon8.png\" rel=\"attachment wp-att-45402\" data-dt-img-description=\"\"><img loading=\"lazy\" decoding=\"async\" class=\"alignnone size-full wp-image-45402\" src=\"https:\/\/acessopercon.com.br\/2022\/wp-content\/uploads\/2017\/08\/Linha-de-acessorios-e-conexoes-Ex-e-na-PerCon8.png\" alt=\"Linha de acess\u00f3rios e conex\u00f5es Ex \u00e9 na PerCon8\" width=\"100\" height=\"167\" \/><\/a><a class=\"dt-single-image\" href=\"https:\/\/acessopercon.com.br\/2022\/wp-content\/uploads\/2017\/08\/Linha-de-acessorios-e-conexoes-Ex-e-na-PerCon9.png\" rel=\"attachment wp-att-45403\" data-dt-img-description=\"\"><img loading=\"lazy\" decoding=\"async\" class=\"alignnone size-full wp-image-45403\" src=\"https:\/\/acessopercon.com.br\/2022\/wp-content\/uploads\/2017\/08\/Linha-de-acessorios-e-conexoes-Ex-e-na-PerCon9.png\" alt=\"Linha de acess\u00f3rios e conex\u00f5es Ex \u00e9 na PerCon9\" width=\"136\" height=\"137\" \/><\/a><a class=\"dt-single-image\" href=\"https:\/\/acessopercon.com.br\/2022\/wp-content\/uploads\/2017\/08\/Linha-de-acessorios-e-conexoes-Ex-e-na-PerCon10.png\" rel=\"attachment wp-att-45404\" data-dt-img-description=\"\"><img loading=\"lazy\" decoding=\"async\" class=\"alignnone size-full wp-image-45404\" src=\"https:\/\/acessopercon.com.br\/2022\/wp-content\/uploads\/2017\/08\/Linha-de-acessorios-e-conexoes-Ex-e-na-PerCon10.png\" alt=\"Linha de acess\u00f3rios e conex\u00f5es Ex \u00e9 na PerCon10\" width=\"112\" height=\"135\" \/><\/a><\/p>\n<p><a class=\"dt-single-image\" href=\"https:\/\/acessopercon.com.br\/2022\/wp-content\/uploads\/2017\/08\/Linha-de-acessorios-e-conexoes-Ex-e-na-PerCon11.png\" rel=\"attachment wp-att-45405\" data-dt-img-description=\"\"><img loading=\"lazy\" decoding=\"async\" class=\"alignnone size-full wp-image-45405\" src=\"https:\/\/acessopercon.com.br\/2022\/wp-content\/uploads\/2017\/08\/Linha-de-acessorios-e-conexoes-Ex-e-na-PerCon11.png\" alt=\"Linha de acess\u00f3rios e conex\u00f5es Ex \u00e9 na PerCon11\" width=\"108\" height=\"150\" \/><\/a><a class=\"dt-single-image\" href=\"https:\/\/acessopercon.com.br\/2022\/wp-content\/uploads\/2017\/08\/Linha-de-acessorios-e-conexoes-Ex-e-na-PerCon12.png\" rel=\"attachment wp-att-45406\" data-dt-img-description=\"\"><img loading=\"lazy\" decoding=\"async\" class=\"alignnone wp-image-45406\" src=\"https:\/\/acessopercon.com.br\/2022\/wp-content\/uploads\/2017\/08\/Linha-de-acessorios-e-conexoes-Ex-e-na-PerCon12.png\" alt=\"Linha de acess\u00f3rios e conex\u00f5es Ex \u00e9 na PerCon12\" width=\"100\" height=\"155\" \/><\/a><a class=\"dt-single-image\" href=\"https:\/\/acessopercon.com.br\/2022\/wp-content\/uploads\/2017\/08\/Linha-de-acessorios-e-conexoes-Ex-e-na-PerCon13.png\" rel=\"attachment wp-att-45407\" data-dt-img-description=\"\"><img loading=\"lazy\" decoding=\"async\" class=\"alignnone size-full wp-image-45407\" src=\"https:\/\/acessopercon.com.br\/2022\/wp-content\/uploads\/2017\/08\/Linha-de-acessorios-e-conexoes-Ex-e-na-PerCon13.png\" alt=\"Linha de acess\u00f3rios e conex\u00f5es Ex \u00e9 na PerCon13\" width=\"140\" height=\"180\" \/><\/a><a class=\"dt-single-image\" href=\"https:\/\/acessopercon.com.br\/2022\/wp-content\/uploads\/2017\/08\/Linha-de-acessorios-e-conexoes-Ex-e-na-PerCon14.png\" rel=\"attachment wp-att-45408\" data-dt-img-description=\"\"><img loading=\"lazy\" decoding=\"async\" class=\"alignnone wp-image-45408\" src=\"https:\/\/acessopercon.com.br\/2022\/wp-content\/uploads\/2017\/08\/Linha-de-acessorios-e-conexoes-Ex-e-na-PerCon14.png\" alt=\"Linha de acess\u00f3rios e conex\u00f5es Ex \u00e9 na PerCon14\" width=\"160\" height=\"102\" \/><\/a><\/p>\n<p>&nbsp;<\/p>\n<p><a href=\"https:\/\/acessopercon.com.br\/percon\/area-classificada-ex\/\"><strong>Clique e conhe\u00e7a outras solu\u00e7\u00f5es para \u00e1rea classificada Ex<\/strong><\/a><\/p>\n<p>&nbsp;<\/p>\n<p><strong>Material el\u00e9trico EX da Tramontina \u00e9 na PerCon<\/strong><\/p>\n<p>Material el\u00e9trico Ex a prova de explos\u00e3o ou seguran\u00e7a aumentada pode ser encontrado na PerCon Tecnologia que atua como canal de distribui\u00e7\u00e3o de produtos de teste e medi\u00e7\u00e3o dos melhores fabricantes mundiais e \u00e9 sediada na Rua Dias da Cruz 188 \u2013 Sub solo \u2013 M\u00e9ier (<a href=\"mailto:percon@acessopercon.com.br\">percon@acessopercon.com.br<\/a>) \/ Fone : 21-2596-8369<\/p>\n<p><a href=\"https:\/\/acessopercon.com.br\/percon\/fale-conosco\/\"><strong>Clique para obter informa\u00e7\u00e3o adicional<\/strong><\/a><\/p>\n<p><a class=\"dt-single-image\" href=\"https:\/\/acessopercon.com.br\/2022\/wp-content\/uploads\/2017\/08\/Calibracao-de-detectores-de-gases.jpg\" rel=\"attachment wp-att-48149\" data-dt-img-description=\"\"><img loading=\"lazy\" decoding=\"async\" class=\"alignnone size-medium wp-image-48149\" src=\"https:\/\/acessopercon.com.br\/percon\/wp-content\/uploads\/2017\/08\/Calibra\u00e7\u00e3o-de-detectores-de-gases-300x200.jpg\" alt=\"Material el\u00e9trico Ex\" width=\"300\" height=\"200\" \/><\/a><\/p>\n<p>&nbsp;<\/p>\n<p>&nbsp;<\/p>\n","protected":false},"excerpt":{"rendered":"<p>Material el\u00e9trico Ex com produtos certificados, em diversos tamanhos e detalhes construtivos fazem parte o portifolio da Tramontina Ex . Consulte a PerCon para definirmos o produto certo para sua necessidade . &nbsp; Material el\u00e9trico Ex a prova de explos\u00e3o e seguran\u00e7a aumentada Classifica\u00e7\u00e3o de \u00e1reas A classifica\u00e7\u00e3o de \u00e1reas e um estudo para a [&hellip;]<\/p>\n","protected":false},"author":4,"featured_media":0,"comment_status":"closed","ping_status":"closed","sticky":false,"template":"","format":"standard","meta":{"footnotes":""},"categories":[87,36],"tags":[627],"_links":{"self":[{"href":"https:\/\/acessopercon.com.br\/percon\/wp-json\/wp\/v2\/posts\/45339"}],"collection":[{"href":"https:\/\/acessopercon.com.br\/percon\/wp-json\/wp\/v2\/posts"}],"about":[{"href":"https:\/\/acessopercon.com.br\/percon\/wp-json\/wp\/v2\/types\/post"}],"author":[{"embeddable":true,"href":"https:\/\/acessopercon.com.br\/percon\/wp-json\/wp\/v2\/users\/4"}],"replies":[{"embeddable":true,"href":"https:\/\/acessopercon.com.br\/percon\/wp-json\/wp\/v2\/comments?post=45339"}],"version-history":[{"count":0,"href":"https:\/\/acessopercon.com.br\/percon\/wp-json\/wp\/v2\/posts\/45339\/revisions"}],"wp:attachment":[{"href":"https:\/\/acessopercon.com.br\/percon\/wp-json\/wp\/v2\/media?parent=45339"}],"wp:term":[{"taxonomy":"category","embeddable":true,"href":"https:\/\/acessopercon.com.br\/percon\/wp-json\/wp\/v2\/categories?post=45339"},{"taxonomy":"post_tag","embeddable":true,"href":"https:\/\/acessopercon.com.br\/percon\/wp-json\/wp\/v2\/tags?post=45339"}],"curies":[{"name":"wp","href":"https:\/\/api.w.org\/{rel}","templated":true}]}}