{"id":45314,"date":"2017-08-07T11:45:04","date_gmt":"2017-08-07T11:45:04","guid":{"rendered":"http:\/\/acessopercon.com.br\/percon\/?p=45314"},"modified":"2017-08-07T11:45:04","modified_gmt":"2017-08-07T11:45:04","slug":"tramontina-eletrik","status":"publish","type":"post","link":"https:\/\/acessopercon.com.br\/percon\/tramontina-eletrik\/","title":{"rendered":"Tramontina Eletrik para material el\u00e9trico Ex"},"content":{"rendered":"<p>Tramontina Eletrik faz parte da tradicional empresa brasileira e fornece materiais el\u00e9tricos Ex. Para a Tramontina, fazer bem feito \u00e9 fazer com carinho, valorizando o bem estar que as pessoas sentem ao utilizarem produtos da Marca. \u00c9 no prazer de fazer que a empresa e seus consumidores se encontrem. Essa filosofia tem sido honrada pela Tramontina desde sua funda\u00e7\u00e3o, h\u00e1 mais de cem anos .<\/p>\n<p><a class=\"dt-single-image\" href=\"https:\/\/acessopercon.com.br\/2022\/wp-content\/uploads\/2017\/08\/Tramontina-e-na-PerCon.jpg\" rel=\"attachment wp-att-45315\" data-dt-img-description=\"\"><img fetchpriority=\"high\" decoding=\"async\" class=\"alignnone size-full wp-image-45315\" src=\"https:\/\/acessopercon.com.br\/2022\/wp-content\/uploads\/2017\/08\/Tramontina-e-na-PerCon.jpg\" alt=\"Tramontina \u00e9 na PerCon\" width=\"281\" height=\"179\" \/><\/a><\/p>\n<p>&nbsp;<\/p>\n<h2><strong>Tramontina Eletrik para produtos Ex<\/strong><\/h2>\n<p>Hoje, a empresa conta com sete mil funcion\u00e1rios, respons\u00e1veis por um amplo mix de produtos para diferentes segmentos do mercado [utilidades e equipamentos para cozinha, eletros, m\u00f3veis em madeira e em pl\u00e1stico, ferramentas para agricultura e jardinagem, ferramentas para constru\u00e7\u00e3o, manuten\u00e7\u00e3o industrial \/ automotiva e materiais el\u00e9tricos].<\/p>\n<p>A postura de atuar de forma sustent\u00e1vel \u2013 fazendo bonito no cuidado com o meio ambiente e colaborando com as comunidades onde est\u00e1 presente \u2013 acompanha a Marca no Brasil e nos diferentes continentes onde atua, comercializando produtos em mais de 120 pa\u00edses.<\/p>\n<p>A motiva\u00e7\u00e3o e o prazer da Tramontina est\u00e1 na vontade de criar e de fazer bem feito para seu consumidor.<\/p>\n<p><a class=\"dt-single-image\" href=\"https:\/\/acessopercon.com.br\/2022\/wp-content\/uploads\/2017\/08\/Tramontina-Ex-e-na-PerCon.png\" rel=\"attachment wp-att-45316\" data-dt-img-description=\"\"><img decoding=\"async\" class=\"alignnone size-medium wp-image-45316\" src=\"https:\/\/acessopercon.com.br\/percon\/wp-content\/uploads\/2017\/08\/Tramontina-Ex-\u00e9-na-PerCon-300x215.png\" alt=\"Tramontina Ex \u00e9 na PerCon\" width=\"300\" height=\"215\" \/><\/a><\/p>\n<p>Tramontina Eletrik \u00e9 a empresa do Grupo Tramontina que \u00e9 respons\u00e1vel pela fabrica\u00e7\u00e3o de materiais el\u00e9tricos. <strong>Funda\u00e7\u00e3o em 1976 est\u00e1 localizada na cidade de Carlos Barbosa no Rio Grande do Sul .<\/strong><\/p>\n<p>A Tramontina Ex oferece solu\u00e7\u00f5es destinadas \u00e0 <strong>instala\u00e7\u00f5es<\/strong> <strong>em ambientes com atmosferas<\/strong> <strong>explosivas e \u00e1reas industriais<\/strong>.<\/p>\n<p>Para garantir a seguran\u00e7a, design e excelente acabamento, todos os produtos da <strong>Divis\u00e3o Ex <\/strong>s\u00e3o<\/p>\n<p>submetidos a criterioso projeto e rigoroso controle de qualidade.<\/p>\n<p>Os <strong>produtos Ex <\/strong>est\u00e3o organizados em cinco fam\u00edlias:<\/p>\n<ul>\n<li>Caixas, Pain\u00e9is e Botoeiras Ex<\/li>\n<li>Lumin\u00e1rias Ex<\/li>\n<li>Tomadas e Plugues Ex<\/li>\n<li>Acess\u00f3rios e Conex\u00f5es Ex<\/li>\n<li>Caixas, Acess\u00f3rios e Conex\u00f5es Industriais<\/li>\n<\/ul>\n<p>Tramontina Eletrik fornece produtos desenvolvidos com o aprimoramento tecnol\u00f3gico, \u00e9 uma unidade industrial da Tramontina especializada na fabrica\u00e7\u00e3o de produtos el\u00e9tricos para aplica\u00e7\u00f5es industriais, com condi\u00e7\u00f5es clim\u00e1ticas severas ou \u00e1reas classificadas com risco de explos\u00e3o.<\/p>\n<p><a class=\"dt-single-image\" href=\"https:\/\/acessopercon.com.br\/2022\/wp-content\/uploads\/2017\/08\/Tramontina-Eletrik-e-na-PerCon.png\" rel=\"attachment wp-att-45323\" data-dt-img-description=\"\">\u00a0<\/a><a class=\"dt-single-image\" href=\"https:\/\/acessopercon.com.br\/2022\/wp-content\/uploads\/2017\/08\/Produtos-Ex-sao-na-PerCon.png\" rel=\"attachment wp-att-45319\" data-dt-img-description=\"\"><img decoding=\"async\" class=\"alignnone wp-image-45319\" src=\"https:\/\/acessopercon.com.br\/percon\/wp-content\/uploads\/2017\/08\/Produtos-Ex-s\u00e3o-na-PerCon-300x225.png\" alt=\"Produtos Ex s\u00e3o na PerCon\" width=\"234\" height=\"175\" \/><\/a> <a class=\"dt-single-image\" href=\"https:\/\/acessopercon.com.br\/2022\/wp-content\/uploads\/2017\/08\/Tramontina-Eletrik-e-na-PerCon.png\" rel=\"attachment wp-att-45323\" data-dt-img-description=\"\"><img loading=\"lazy\" decoding=\"async\" class=\"alignnone wp-image-45323\" src=\"https:\/\/acessopercon.com.br\/percon\/wp-content\/uploads\/2017\/08\/Tramontina-Eletrik-\u00e9-na-PerCon-300x225.png\" alt=\"Tramontina Eletrik \u00e9 na PerCon\" width=\"234\" height=\"175\" \/> <\/a><a class=\"dt-single-image\" href=\"https:\/\/acessopercon.com.br\/2022\/wp-content\/uploads\/2017\/08\/Produtos-a-prova-de-explosao-sao-na-PerCon.png\" rel=\"attachment wp-att-45317\" data-dt-img-description=\"\"><img loading=\"lazy\" decoding=\"async\" class=\"alignnone wp-image-45317\" src=\"https:\/\/acessopercon.com.br\/percon\/wp-content\/uploads\/2017\/08\/Produtos-a-prova-de-explos\u00e3o-s\u00e3o-na-PerCon-300x225.png\" alt=\"Produtos a prova de explos\u00e3o s\u00e3o na PerCon\" width=\"233\" height=\"175\" \/><\/a><\/p>\n<p>A Tramontina Eletrik, prima pelo melhor e oferece ao mercado solu\u00e7\u00f5es da mais alta precis\u00e3o e confiabilidade. Seus produtos s\u00e3o fabricados dentro dos mais elevados padr\u00f5es de qualidade e com mat\u00e9ria-prima certificada. Al\u00e9m disso, a empresa investe constantemente em atualiza\u00e7\u00e3o, apostando em equipamentos modernos, de alta efici\u00eancia e tecnologia.<\/p>\n<p><a class=\"dt-single-image\" href=\"https:\/\/acessopercon.com.br\/2022\/wp-content\/uploads\/2017\/08\/Tramontina-Ex-atmosferas-explosivas.png\" rel=\"attachment wp-att-45327\" data-dt-img-description=\"\"><img loading=\"lazy\" decoding=\"async\" class=\"alignnone size-full wp-image-45327\" src=\"https:\/\/acessopercon.com.br\/2022\/wp-content\/uploads\/2017\/08\/Tramontina-Ex-atmosferas-explosivas.png\" alt=\"Tramontina Ex atmosferas explosivas\" width=\"136\" height=\"83\" \/><\/a><\/p>\n<p>Para fabrica\u00e7\u00e3o de pe\u00e7as em alum\u00ednio, a Tramontina Ex possui v\u00e1rias c\u00e9lulas de inje\u00e7\u00e3o automatizadas e um moderno centro de usinagem, al\u00e9m de equipamentos para inspe\u00e7\u00f5es durante o processo produtivo.<\/p>\n<p><a class=\"dt-single-image\" href=\"https:\/\/acessopercon.com.br\/2022\/wp-content\/uploads\/2017\/08\/Pecas-de-aluminio-Ex-sao-na-PerCon.png\" rel=\"attachment wp-att-45320\" data-dt-img-description=\"\"><img loading=\"lazy\" decoding=\"async\" class=\"alignnone size-medium wp-image-45320\" src=\"https:\/\/acessopercon.com.br\/percon\/wp-content\/uploads\/2017\/08\/Pe\u00e7as-de-aluminio-Ex-s\u00e3o-na-PerCon-200x300.png\" alt=\"Pe\u00e7as de aluminio Ex s\u00e3o na PerCon\" width=\"200\" height=\"300\" \/><\/a><\/p>\n<p>O Laborat\u00f3rio El\u00e9trico da Tramontina Ex possui estrutura para realiza\u00e7\u00e3o dos ensaios especificados nas normas pertinentes a plugues, tomadas e interruptores para uso dom\u00e9stico e eletrodutos pl\u00e1sticos para instala\u00e7\u00f5es el\u00e9tricas, os quais s\u00e3o realizados por laborat\u00f3rios acreditados pelo INMETRO para obten\u00e7\u00e3o da certifica\u00e7\u00e3o.<\/p>\n<p><a class=\"dt-single-image\" href=\"https:\/\/acessopercon.com.br\/2022\/wp-content\/uploads\/2017\/08\/Materal-eletrico-Ex-e-na-PerCon.png\" rel=\"attachment wp-att-45329\" data-dt-img-description=\"\"><img loading=\"lazy\" decoding=\"async\" class=\"alignnone size-medium wp-image-45329\" src=\"https:\/\/acessopercon.com.br\/percon\/wp-content\/uploads\/2017\/08\/Materal-eletrico-Ex-\u00e9-na-PerCon-300x224.png\" alt=\"Materal eletrico Ex \u00e9 na PerCon\" width=\"300\" height=\"224\" \/><\/a><\/p>\n<p>Possui laborat\u00f3rio para realiza\u00e7\u00e3o de ensaios em produtos para linhas de transmiss\u00e3o e redes de distribui\u00e7\u00e3o de energia el\u00e9trica, conforme as normas pertinentes.<\/p>\n<p><a class=\"dt-single-image\" href=\"https:\/\/acessopercon.com.br\/2022\/wp-content\/uploads\/2017\/08\/Material-eletrico-certificado-e-na-PerCon-1.png\" rel=\"attachment wp-att-45328\" data-dt-img-description=\"\"><img loading=\"lazy\" decoding=\"async\" class=\"alignnone size-medium wp-image-45328\" src=\"https:\/\/acessopercon.com.br\/percon\/wp-content\/uploads\/2017\/08\/Material-el\u00e9trico-certificado-\u00e9-na-PerCon-1-300x243.png\" alt=\"Material el\u00e9trico certificado \u00e9 na PerCon\" width=\"300\" height=\"243\" \/><\/a><\/p>\n<p>Para atender a exig\u00eancia t\u00e9cnica dos variados produtos que injeta em liga de alum\u00ednio, a Forjasul Eletrik possui um laborat\u00f3rio estruturado com equipamentos para medi\u00e7\u00e3o de coordenadas (tridimensional), an\u00e1lise de ligas de alum\u00ednio, medi\u00e7\u00e3o de perfis, rugosidade, porosidade, radia\u00e7\u00e3o infravermelha, entre outros.<\/p>\n<p><a class=\"dt-single-image\" href=\"https:\/\/acessopercon.com.br\/2022\/wp-content\/uploads\/2017\/08\/Qualidade-de-produtos-Ex-e-na-PerCon.png\" rel=\"attachment wp-att-45321\" data-dt-img-description=\"\"><img loading=\"lazy\" decoding=\"async\" class=\"alignnone size-medium wp-image-45321\" src=\"https:\/\/acessopercon.com.br\/percon\/wp-content\/uploads\/2017\/08\/Qualidade-de-produtos-Ex-\u00e9-na-PerCon-238x300.png\" alt=\"Qualidade de produtos Ex \u00e9 na PerCon\" width=\"238\" height=\"300\" \/><\/a><\/p>\n<p>Os laborat\u00f3rios mec\u00e2nicos da Tramontina Ex est\u00e3o direcionado a ensaios de resist\u00eancia mec\u00e2nica, vibra\u00e7\u00e3o e caracteriza\u00e7\u00e3o de amortecimento.<\/p>\n<p><a class=\"dt-single-image\" href=\"https:\/\/acessopercon.com.br\/2022\/wp-content\/uploads\/2017\/08\/Teste-de-fabricacao-mecanico-e-na-PerCon.png\" rel=\"attachment wp-att-45322\" data-dt-img-description=\"\"><img loading=\"lazy\" decoding=\"async\" class=\"alignnone size-medium wp-image-45322\" src=\"https:\/\/acessopercon.com.br\/percon\/wp-content\/uploads\/2017\/08\/Teste-de-fabrica\u00e7\u00e3o-mec\u00e2nico-\u00e9-na-PerCon-300x200.png\" alt=\"Teste de fabrica\u00e7\u00e3o mec\u00e2nico \u00e9 na PerCon\" width=\"300\" height=\"200\" \/><\/a><\/p>\n<p>Com instala\u00e7\u00f5es amplas e modernas, a empresa atua em conformidade com as normas de qualidade e certifica\u00e7\u00f5es dos produtos.<\/p>\n<p><a class=\"dt-single-image\" href=\"https:\/\/acessopercon.com.br\/2022\/wp-content\/uploads\/2017\/08\/Certificado-a-prova-de-explosao-e-na-PerCon.png\" rel=\"attachment wp-att-45324\" data-dt-img-description=\"\"><img loading=\"lazy\" decoding=\"async\" class=\"alignnone size-medium wp-image-45324\" src=\"https:\/\/acessopercon.com.br\/percon\/wp-content\/uploads\/2017\/08\/Certificado-a-prova-de-explos\u00e3o-\u00e9-na-PerCon-213x300.png\" alt=\"Certificado a prova de explos\u00e3o \u00e9 na PerCon\" width=\"213\" height=\"300\" \/><\/a><a class=\"dt-single-image\" href=\"https:\/\/acessopercon.com.br\/2022\/wp-content\/uploads\/2017\/08\/Certificado-de-produto-Ex-e-na-PerCon.png\" rel=\"attachment wp-att-45325\" data-dt-img-description=\"\"><img loading=\"lazy\" decoding=\"async\" class=\"alignnone size-medium wp-image-45325\" src=\"https:\/\/acessopercon.com.br\/percon\/wp-content\/uploads\/2017\/08\/Certificado-de-produto-Ex-\u00e9-na-PerCon-213x300.png\" alt=\"Certificado de produto Ex \u00e9 na PerCon\" width=\"213\" height=\"300\" \/><\/a><a class=\"dt-single-image\" href=\"https:\/\/acessopercon.com.br\/2022\/wp-content\/uploads\/2017\/08\/Certificado-Ex-e-na-PerCon.png\" rel=\"attachment wp-att-45326\" data-dt-img-description=\"\"><img loading=\"lazy\" decoding=\"async\" class=\"alignnone size-medium wp-image-45326\" src=\"https:\/\/acessopercon.com.br\/percon\/wp-content\/uploads\/2017\/08\/Certificado-Ex-\u00e9-na-PerCon-213x300.png\" alt=\"Certificado Ex \u00e9 na PerCon\" width=\"213\" height=\"300\" \/><\/a><\/p>\n<p><a href=\"https:\/\/acessopercon.com.br\/percon\/area-classificada-ex\/\"><strong>Clique e conhe\u00e7a outras solu\u00e7\u00f5es para \u00e1rea classificada Ex<\/strong><\/a><\/p>\n<p>&nbsp;<\/p>\n<p><strong>Tramontina Eletrik \u00e9 na PerCon<\/strong><\/p>\n<p>Tramontina Eletrik e seus produtos a prova de explos\u00e3o <strong>\u00a0<\/strong>podem ser encontrados na PerCon Tecnologia que atua como canal de distribui\u00e7\u00e3o de produtos de teste e medi\u00e7\u00e3o dos melhores fabricantes mundiais e \u00e9 sediada na Rua Dias da Cruz 188 \u2013 Sub solo \u2013 M\u00e9ier (<a href=\"mailto:percon@acessopercon.com.br\">percon@acessopercon.com.br<\/a>) \/ Fone : 21-2596-8369<\/p>\n<p><a href=\"https:\/\/acessopercon.com.br\/percon\/fale-conosco\/\"><strong>Clique para obter informa\u00e7\u00e3o adicional<\/strong><\/a><\/p>\n<p><a class=\"dt-single-image\" href=\"https:\/\/acessopercon.com.br\/2022\/wp-content\/uploads\/2017\/08\/Fluke-e-na-PerCon.jpg\" rel=\"attachment wp-att-46042\" data-dt-img-description=\"\"><img loading=\"lazy\" decoding=\"async\" class=\"alignnone size-medium wp-image-46042\" src=\"https:\/\/acessopercon.com.br\/percon\/wp-content\/uploads\/2017\/08\/Fluke-\u00e9-na-PerCon-300x200.jpg\" alt=\"Fluke \u00e9 na PerCon\" width=\"300\" height=\"200\" \/><\/a><\/p>\n<p>&nbsp;<\/p>\n","protected":false},"excerpt":{"rendered":"<p>Tramontina Eletrik faz parte da tradicional empresa brasileira e fornece materiais el\u00e9tricos Ex. Para a Tramontina, fazer bem feito \u00e9 fazer com carinho, valorizando o bem estar que as pessoas sentem ao utilizarem produtos da Marca. \u00c9 no prazer de fazer que a empresa e seus consumidores se encontrem. Essa filosofia tem sido honrada pela [&hellip;]<\/p>\n","protected":false},"author":4,"featured_media":0,"comment_status":"closed","ping_status":"closed","sticky":false,"template":"","format":"standard","meta":{"footnotes":""},"categories":[87,36],"tags":[626],"_links":{"self":[{"href":"https:\/\/acessopercon.com.br\/percon\/wp-json\/wp\/v2\/posts\/45314"}],"collection":[{"href":"https:\/\/acessopercon.com.br\/percon\/wp-json\/wp\/v2\/posts"}],"about":[{"href":"https:\/\/acessopercon.com.br\/percon\/wp-json\/wp\/v2\/types\/post"}],"author":[{"embeddable":true,"href":"https:\/\/acessopercon.com.br\/percon\/wp-json\/wp\/v2\/users\/4"}],"replies":[{"embeddable":true,"href":"https:\/\/acessopercon.com.br\/percon\/wp-json\/wp\/v2\/comments?post=45314"}],"version-history":[{"count":0,"href":"https:\/\/acessopercon.com.br\/percon\/wp-json\/wp\/v2\/posts\/45314\/revisions"}],"wp:attachment":[{"href":"https:\/\/acessopercon.com.br\/percon\/wp-json\/wp\/v2\/media?parent=45314"}],"wp:term":[{"taxonomy":"category","embeddable":true,"href":"https:\/\/acessopercon.com.br\/percon\/wp-json\/wp\/v2\/categories?post=45314"},{"taxonomy":"post_tag","embeddable":true,"href":"https:\/\/acessopercon.com.br\/percon\/wp-json\/wp\/v2\/tags?post=45314"}],"curies":[{"name":"wp","href":"https:\/\/api.w.org\/{rel}","templated":true}]}}