{"id":44378,"date":"2017-03-02T19:16:01","date_gmt":"2017-03-02T19:16:01","guid":{"rendered":"http:\/\/acessopercon.com.br\/percon\/?p=44378"},"modified":"2017-03-02T19:16:01","modified_gmt":"2017-03-02T19:16:01","slug":"deteccao-de-gases-em-processos-agricolas","status":"publish","type":"post","link":"https:\/\/acessopercon.com.br\/percon\/deteccao-de-gases-em-processos-agricolas\/","title":{"rendered":"Detec\u00e7\u00e3o de gases em processos agr\u00edcolas e industriais"},"content":{"rendered":"<p>Detec\u00e7\u00e3o de gases em processos agr\u00edcolas e industriais, o armazenamento de produtos agr\u00edcolas em silos e armaz\u00e9ns s\u00e3o indispens\u00e1veis tanto na produ\u00e7\u00e3o de gr\u00e3os, quanto no processamento industrial de alimentos. Entretanto, por suas dimens\u00f5es e complexidades, \u00a0podem ser fonte de v\u00e1rios e graves acidentes do trabalho.<\/p>\n<p><a class=\"dt-single-image\" href=\"https:\/\/acessopercon.com.br\/2022\/wp-content\/uploads\/2017\/03\/Detector-de-gases-para-armazens-de-graos-e-na-PerCon-.jpg\" rel=\"attachment wp-att-44379\" data-dt-img-description=\"\"><img fetchpriority=\"high\" decoding=\"async\" class=\"alignnone size-full wp-image-44379\" src=\"https:\/\/acessopercon.com.br\/2022\/wp-content\/uploads\/2017\/03\/Detector-de-gases-para-armazens-de-graos-e-na-PerCon-.jpg\" alt=\"Detector de gases para armazens de gr\u00e3os \u00e9 na PerCon\" width=\"253\" height=\"200\" \/><\/a> <a class=\"dt-single-image\" href=\"https:\/\/acessopercon.com.br\/2022\/wp-content\/uploads\/2017\/03\/Processamento-de-graos-e-na-PerCon-.jpg\" rel=\"attachment wp-att-44380\" data-dt-img-description=\"\"><img decoding=\"async\" class=\"alignnone wp-image-44380\" src=\"https:\/\/acessopercon.com.br\/2022\/wp-content\/uploads\/2017\/03\/Processamento-de-graos-e-na-PerCon-.jpg\" alt=\"Processamento de gr\u00e3os \u00e9 na PerCon\" width=\"289\" height=\"200\" \/><\/a><\/p>\n<p>As ind\u00fastrias produtoras de aliment\u00edcios e as unidades armazenadoras de gr\u00e3os, possuem \u00a0alto potencial de risco de inc\u00eandios e explos\u00f5es. O processo industrial que inicia com a chegada dos gr\u00e3os que ao serem descarregados produzem uma enorme nuvem de poeira, em condi\u00e7\u00f5es e concentra\u00e7\u00f5es prop\u00edcias a uma explos\u00e3o. O ac\u00famulo de poeiras no local de trabalho representa um risco de inc\u00eandio muito grande. \u00a0Isso ocorre quando, uma superf\u00edcie de poeira de gr\u00e3os \u00e9 aquecida at\u00e9 o ponto de libera\u00e7\u00e3o de gases de combust\u00e3o que, com o aux\u00edlio de uma fonte de igni\u00e7\u00e3o com energia, d\u00e1 in\u00edcio ao inc\u00eandio. Al\u00e9m disso, a decomposi\u00e7\u00e3o de gr\u00e3os pode gerar vapores inflam\u00e1veis; se a umidade do gr\u00e3o for superior a 20%, poder\u00e1 gerar metanol, propanol ou butanol. Os gases metano e etano, tamb\u00e9m produzidos pela decomposi\u00e7\u00e3o de gr\u00e3os, s\u00e3o igualmente inflam\u00e1veis e podem gerar explos\u00f5es.<\/p>\n<p>&nbsp;<\/p>\n<h2><strong>Detec\u00e7\u00e3o de gases em processos agr\u00edcolas e industriais<\/strong><\/h2>\n<p>Os silos e armaz\u00e9ns s\u00e3o frequentemente locais fechados, onde a atmosfera local pode trazer riscos aos trabalhadores que atuam em seu interior, estes locais s\u00e3o conhecidos como espa\u00e7os confinados e s\u00e3o objeto da norma trabalhista<strong> NR33 &#8211; SEGURAN\u00c7A E SA\u00daDE NOS TRABALHOS EM ESPA\u00c7OS CONFINADOS <\/strong>.<\/p>\n<p><a class=\"dt-single-image\" href=\"https:\/\/acessopercon.com.br\/2022\/wp-content\/uploads\/2017\/03\/espaco-confinado5.jpg\" rel=\"attachment wp-att-44381\" data-dt-img-description=\"\"><img decoding=\"async\" class=\"alignnone wp-image-44381\" src=\"https:\/\/acessopercon.com.br\/percon\/wp-content\/uploads\/2017\/03\/espa\u00e7o-confinado5-234x300.jpg\" alt=\"espa\u00e7o confinado5\" width=\"203\" height=\"261\" \/><\/a> <a class=\"dt-single-image\" href=\"https:\/\/acessopercon.com.br\/2022\/wp-content\/uploads\/2017\/03\/Deteccao-de-gases-em-silos-e-na-PerCon-.jpg\" rel=\"attachment wp-att-44382\" data-dt-img-description=\"\"><img loading=\"lazy\" decoding=\"async\" class=\"alignnone wp-image-44382\" src=\"https:\/\/acessopercon.com.br\/percon\/wp-content\/uploads\/2017\/03\/Detec\u00e7ao-de-gases-em-silos-\u00e9-na-PerCon--300x147.jpg\" alt=\"Detec\u00e7ao de gases em silos \u00e9 na PerCon\" width=\"526\" height=\"258\" \/><\/a><\/p>\n<p>Os maiores riscos em espa\u00e7os confinados s\u00e3o a queda do n\u00edvel m\u00ednimo de oxig\u00eanio (O2), a presen\u00e7a em n\u00edveis perigosos de gases t\u00f3xico ( H2S e CO) e presen\u00e7a de gases explos\u00edveis ou inflam\u00e1veis acima do n\u00edvel inferior de explosividade (LEL).<\/p>\n<p>Essas explos\u00f5es ocorrem frequentemente em instala\u00e7\u00f5es agr\u00edcolas ou industriais onde s\u00e3o processados farinhas tais como farinha de trigo, de milho, de soja, de cereais ou particulados entre outros o a\u00e7\u00facar, arroz, ch\u00e1, cacau, couro, carv\u00e3o e madeira .<br \/>\nApesar do \u00a0milho ser considerado um dos gr\u00e3os mais vol\u00e1teis e perigosos, \u00a0toda poeira de gr\u00e3os \u00e9 potencialmente perigosa . Entre os exemplos mais frequentes de espa\u00e7os confinados est\u00e3o equipamentos ligados as diversas atividades da agroind\u00fastria tais como; \u00a0silos, armaz\u00e9ns, ton\u00e9is (vinho\/aguardente e etc) \u00a0, reatores, colunas de destila\u00e7\u00e3o, vasos, cubas, tinas, misturadores, secadores, moinhos, dep\u00f3sitos, tanque de agrot\u00f3xicos e caminh\u00e3o tanque entre outros.<\/p>\n<p><a class=\"dt-single-image\" href=\"https:\/\/acessopercon.com.br\/2022\/wp-content\/uploads\/2017\/03\/Espaco-confinado-e-na-PerCon-.jpg\" rel=\"attachment wp-att-44383\" data-dt-img-description=\"\"><img loading=\"lazy\" decoding=\"async\" class=\"alignnone wp-image-44383\" src=\"https:\/\/acessopercon.com.br\/percon\/wp-content\/uploads\/2017\/03\/Espa\u00e7o-confinado-\u00e9-na-PerCon--300x120.jpg\" alt=\"Espa\u00e7o confinado \u00e9 na PerCon\" width=\"355\" height=\"142\" \/><\/a><\/p>\n<p><strong><a href=\"https:\/\/acessopercon.com.br\/percon\/espaco-confinado-conceitos-basico\/\">Clique para saber mais sobre espa\u00e7o confinado e seus conceitos b\u00e1sicos<\/a><\/strong><\/p>\n<p>&nbsp;<\/p>\n<p><strong>Os par\u00e2metros cr\u00edticos para explos\u00e3o de poeiras <\/strong><\/p>\n<ul>\n<li>O tamanho da part\u00edcula: &lt; 0,1 mm;<\/li>\n<li>A concentra\u00e7\u00e3o da poeira: 40 a 4.000 g\/m3;<\/li>\n<li>O teor de umidade do gr\u00e3o: &lt;11 %;<\/li>\n<li>O \u00edndice de oxig\u00eanio no ar: &gt; 12%;<\/li>\n<li>A energia de igni\u00e7\u00e3o: &gt; 10 a 100 MJ (Mega Joule);<\/li>\n<li>A temperatura de igni\u00e7\u00e3o: 410 a 600 graus C .<\/li>\n<\/ul>\n<p><a class=\"dt-single-image\" href=\"https:\/\/acessopercon.com.br\/2022\/wp-content\/uploads\/2017\/03\/Grafico-temperaturas-de-ignicao.jpg\" rel=\"attachment wp-att-44384\" data-dt-img-description=\"\"><img loading=\"lazy\" decoding=\"async\" class=\"alignnone size-full wp-image-44384\" src=\"https:\/\/acessopercon.com.br\/2022\/wp-content\/uploads\/2017\/03\/Grafico-temperaturas-de-ignicao.jpg\" alt=\"Gr\u00e1fico temperaturas de igni\u00e7\u00e3o\" width=\"250\" height=\"169\" \/><\/a><\/p>\n<p>&nbsp;<\/p>\n<p><strong>A\u00e7\u00f5es recomendadas para diminuir o risco de explos\u00f5es<\/strong><\/p>\n<ul>\n<li>Proceder \u00e0 limpeza frequente do local;<\/li>\n<li>Evitar fontes de igni\u00e7\u00e3o (solda, fumo, etc.);<\/li>\n<li>Manuten\u00e7\u00e3o peri\u00f3dica dos equipamentos;<\/li>\n<li>Pe\u00e7as girantes devem trabalhar sem p\u00f3;<\/li>\n<li>Instalar bom sistema de aterramento (eletricidade est\u00e1tica);<\/li>\n<li>Nunca varrer o armaz\u00e9m; usar o aspirador de p\u00f3;<\/li>\n<li>Equipar elevadores, balan\u00e7as e coletores de al\u00edvios contra press\u00f5es;<\/li>\n<li>Usar sistemas corta-fogo em dutos de transporte, e outros;<\/li>\n<li>Cuidados com ventiladores e pe\u00e7as girantes (fa\u00edscas);<\/li>\n<li>Manter umidade do local =&gt; 50% (ambiente seco \u00e9 explosivo).<\/li>\n<li>Identificar espa\u00e7os confinado e \u00e1reas classificadas nas plantas industriais pois elas obrigam cuidados especiais para trabalhos com seguran\u00e7a .<\/li>\n<\/ul>\n<p><a class=\"dt-single-image\" href=\"https:\/\/acessopercon.com.br\/2022\/wp-content\/uploads\/2017\/03\/Atmosfera-explosiva-e-na-PerCon-.jpg\" rel=\"attachment wp-att-44385\" data-dt-img-description=\"\"><img loading=\"lazy\" decoding=\"async\" class=\"alignnone size-full wp-image-44385\" src=\"https:\/\/acessopercon.com.br\/2022\/wp-content\/uploads\/2017\/03\/Atmosfera-explosiva-e-na-PerCon-.jpg\" alt=\"Atmosf\u00e9ra explosiva \u00e9 na PerCon\" width=\"293\" height=\"172\" \/><\/a><\/p>\n<p><strong><a href=\"https:\/\/acessopercon.com.br\/percon\/area-classificada\/\">\u00a0Clique para saber mais sobre \u00e1reas classificadas em atmosferas explosivas<\/a><\/strong><\/p>\n<p><strong>\u00a0<\/strong><\/p>\n<p><strong>Detec\u00e7\u00e3o de gases<\/strong><\/p>\n<p>Para o trabalhos com seguran\u00e7a em espa\u00e7os confinados , existem aparelhos que indicam a concentra\u00e7\u00e3o de gases perigosos no interior dos silos (e demais espa\u00e7os confinados), que d\u00e3o seguran\u00e7a ao oper\u00e1rio que vai adentrar nesse recinto. Entre estes equipamentos destacam-se os detectores fixos , os detectores port\u00e1teis com e sem bomba , as esta\u00e7\u00f5es de verifica\u00e7\u00e3o e calibra\u00e7\u00e3o autom\u00e1ticas , os monitores de \u00e1rea e os sistemas com gest\u00e3o centralizada de detec\u00e7\u00e3o de gases .<\/p>\n<p><a class=\"dt-single-image\" href=\"https:\/\/acessopercon.com.br\/2022\/wp-content\/uploads\/2017\/03\/Detector-de-gases-e-na-PerCon-.jpg\" rel=\"attachment wp-att-44386\" data-dt-img-description=\"\"><img loading=\"lazy\" decoding=\"async\" class=\"alignnone wp-image-44386\" src=\"https:\/\/acessopercon.com.br\/2022\/wp-content\/uploads\/2017\/03\/Detector-de-gases-e-na-PerCon-.jpg\" alt=\"Detector de gases \u00e9 na PerCon\" width=\"167\" height=\"165\" \/><\/a> <a class=\"dt-single-image\" href=\"https:\/\/acessopercon.com.br\/2022\/wp-content\/uploads\/2017\/03\/Monitor-de-araes-e-na-PerCon-.jpg\" rel=\"attachment wp-att-44387\" data-dt-img-description=\"\"><img loading=\"lazy\" decoding=\"async\" class=\"alignnone wp-image-44387\" src=\"https:\/\/acessopercon.com.br\/percon\/wp-content\/uploads\/2017\/03\/Monitor-de-\u00e1raes-\u00e9-na-PerCon--300x138.jpg\" alt=\"Monitor de \u00e1raes \u00e9 na PerCon\" width=\"345\" height=\"159\" \/><\/a><\/p>\n<p>&nbsp;<\/p>\n<p><strong><a href=\"https:\/\/acessopercon.com.br\/2022\/wp-content\/uploads\/2017\/04\/Clique-catalogo-2017-da-Industrial-Scientific.pdf\" rel=\"\">Clique cat\u00e1logo 2017 da Industrial Scientific<\/a><\/strong><\/p>\n<p><strong><a href=\"https:\/\/acessopercon.com.br\/percon\/detectores-de-gases-nocoes-basicas\/\">Clique para saber mais sobre detectores de gases no\u00e7\u00f5es b\u00e1sicas<\/a><\/strong><\/p>\n<p><strong><a href=\"https:\/\/acessopercon.com.br\/percon\/deteccao-de-gases-e-os-tipos-de-sensores\/\">Clique para saber mais sobre detec\u00e7\u00e3o de gases e os tipos de sensores<\/a><\/strong><\/p>\n<p><strong><a href=\"https:\/\/acessopercon.com.br\/percon\/seguranca-e-saude-nos-trabalhos-em-espaco-confinado\/\">Clique para saber mais sobre detector de gases para espa\u00e7o confinado<\/a><\/strong><\/p>\n<p><strong><a href=\"https:\/\/acessopercon.com.br\/percon\/aluguel-de-detectores-de-gases-e-instrumentos-de-teste\/\">Clique para saber mais sobre aluguel de detectores de gases e instrumentos de teste<\/a><\/strong><\/p>\n<p><strong><a href=\"https:\/\/acessopercon.com.br\/percon\/detector-portatil-monogas\/\">Clique para saber mais sobre detectores monog\u00e1s<\/a><\/strong><\/p>\n<p><strong><a href=\"https:\/\/acessopercon.com.br\/percon\/detector-portatil-multigases\/\">Clique para saber mais sobre detectores multigases<\/a><\/strong><\/p>\n<p><strong><a href=\"https:\/\/acessopercon.com.br\/percon\/detector-de-gases-radius-bz1\/\">Clique para saber mais sobre monitor de \u00e1reas<\/a><\/strong><\/p>\n<p><strong><a href=\"https:\/\/acessopercon.com.br\/percon\/inet-e-a-gestao-em-deteccao-de-gases\/\">Clique para saber mais sobre sistema autom\u00e1tico de detec\u00e7\u00e3o de gases<\/a><\/strong><\/p>\n<p><strong><a href=\"https:\/\/acessopercon.com.br\/percon\/ventis-pro-e-o-detector-de-gases-para-as-aplicacoes-do-futuro\/\">Ventis Pro \u00e9 o detector de gases para as aplica\u00e7\u00f5es do futuro<\/a><\/strong><\/p>\n<p><strong>\u00a0<\/strong><\/p>\n<p><strong>Calibra\u00e7\u00e3o de detectores de gases<\/strong><\/p>\n<p>Calibra\u00e7\u00e3o , verifica\u00e7\u00e3o , ajuste , certificado de calibra\u00e7\u00e3o e acredita\u00e7\u00e3o . Compreender o real significado de cada um destes termos pode evitar erros graves na interpreta\u00e7\u00e3o correta de normas t\u00e9cnicas e trabalhistas .<\/p>\n<p><a class=\"dt-single-image\" href=\"https:\/\/acessopercon.com.br\/2022\/wp-content\/uploads\/2017\/03\/Calibracao-detector-de-gases-e-na-PerCon-.jpg\" rel=\"attachment wp-att-44388\" data-dt-img-description=\"\"><img loading=\"lazy\" decoding=\"async\" class=\"alignnone wp-image-44388\" src=\"https:\/\/acessopercon.com.br\/percon\/wp-content\/uploads\/2017\/03\/Calibra\u00e7\u00e3o-detector-de-gases-\u00e9-na-PerCon--300x89.jpg\" alt=\"Calibra\u00e7\u00e3o detector de gases \u00e9 na PerCon\" width=\"324\" height=\"96\" \/><\/a><\/p>\n<p><strong><a href=\"https:\/\/acessopercon.com.br\/percon\/calibracao-de-detectores-de-gases\/\">Clique para saber mais sobre calibra\u00e7\u00e3o de detectores de gases<\/a><\/strong><\/p>\n<p>&nbsp;<\/p>\n<p><strong>Clique em assuntos relacionados a alimentos :<\/strong><\/p>\n<p><strong><a href=\"https:\/\/acessopercon.com.br\/percon\/termografiafluke\/\">Termografia conceitos e ferramentas<\/a><\/strong><\/p>\n<p><strong><a href=\"https:\/\/acessopercon.com.br\/percon\/processamento-de-alimentos-com-suporte-da-termografia-2\/\">Processamento de alimentos com suporte da termografia<\/a><\/strong><\/p>\n<p><strong><a href=\"https:\/\/acessopercon.com.br\/percon\/alimentos-seguranca-e-qualidade\/\">Alimentos, seguran\u00e7a e qualidade<\/a><\/strong><\/p>\n<p>&nbsp;<\/p>\n<p><strong>Detec\u00e7\u00e3o de gases em processos agr\u00edcolas \u00e9 na PerCon<br \/>\n<\/strong><\/p>\n<p>Detec\u00e7\u00e3o de gases em processos agr\u00edcolas, servi\u00e7os de reparo e calibra\u00e7\u00e3o bem como outras solu\u00e7\u00f5es de seguran\u00e7a do trabalho podem ser encontradas na PerCon Tecnologia que atua como canal de distribui\u00e7\u00e3o de produtos de teste e medi\u00e7\u00e3o dos melhores fabricantes mundiais e \u00e9 sediada na Rua Dias da Cruz 188 \u2013 Sub solo \u2013 M\u00e9ier (<a href=\"mailto:percon@acessopercon.com.br\">percon@acessopercon.com.br<\/a>) \/ Fone : 21-2596-8369<\/p>\n<p><strong><a href=\"https:\/\/acessopercon.com.br\/percon\/fale-conosco\/\">Clique para obter informa\u00e7\u00e3o adicional<\/a><\/strong><\/p>\n<p><a class=\"dt-single-image\" href=\"https:\/\/acessopercon.com.br\/2022\/wp-content\/uploads\/2017\/03\/Calibracao-de-detectores-de-gases-8.jpg\" rel=\"attachment wp-att-48187\" data-dt-img-description=\"\"><img loading=\"lazy\" decoding=\"async\" class=\"alignnone size-medium wp-image-48187\" src=\"https:\/\/acessopercon.com.br\/percon\/wp-content\/uploads\/2017\/03\/Calibra\u00e7\u00e3o-de-detectores-de-gases-8-300x200.jpg\" alt=\"Detec\u00e7\u00e3o de gases em processos agr\u00edcolas\" width=\"300\" height=\"200\" \/><\/a><\/p>\n<p>&nbsp;<\/p>\n","protected":false},"excerpt":{"rendered":"<p>Detec\u00e7\u00e3o de gases em processos agr\u00edcolas e industriais, o armazenamento de produtos agr\u00edcolas em silos e armaz\u00e9ns s\u00e3o indispens\u00e1veis tanto na produ\u00e7\u00e3o de gr\u00e3os, quanto no processamento industrial de alimentos. Entretanto, por suas dimens\u00f5es e complexidades, \u00a0podem ser fonte de v\u00e1rios e graves acidentes do trabalho. As ind\u00fastrias produtoras de aliment\u00edcios e as unidades armazenadoras [&hellip;]<\/p>\n","protected":false},"author":4,"featured_media":0,"comment_status":"closed","ping_status":"closed","sticky":false,"template":"","format":"standard","meta":{"footnotes":""},"categories":[202,36,175,166],"tags":[528],"_links":{"self":[{"href":"https:\/\/acessopercon.com.br\/percon\/wp-json\/wp\/v2\/posts\/44378"}],"collection":[{"href":"https:\/\/acessopercon.com.br\/percon\/wp-json\/wp\/v2\/posts"}],"about":[{"href":"https:\/\/acessopercon.com.br\/percon\/wp-json\/wp\/v2\/types\/post"}],"author":[{"embeddable":true,"href":"https:\/\/acessopercon.com.br\/percon\/wp-json\/wp\/v2\/users\/4"}],"replies":[{"embeddable":true,"href":"https:\/\/acessopercon.com.br\/percon\/wp-json\/wp\/v2\/comments?post=44378"}],"version-history":[{"count":0,"href":"https:\/\/acessopercon.com.br\/percon\/wp-json\/wp\/v2\/posts\/44378\/revisions"}],"wp:attachment":[{"href":"https:\/\/acessopercon.com.br\/percon\/wp-json\/wp\/v2\/media?parent=44378"}],"wp:term":[{"taxonomy":"category","embeddable":true,"href":"https:\/\/acessopercon.com.br\/percon\/wp-json\/wp\/v2\/categories?post=44378"},{"taxonomy":"post_tag","embeddable":true,"href":"https:\/\/acessopercon.com.br\/percon\/wp-json\/wp\/v2\/tags?post=44378"}],"curies":[{"name":"wp","href":"https:\/\/api.w.org\/{rel}","templated":true}]}}