{"id":43923,"date":"2016-12-21T16:16:56","date_gmt":"2016-12-21T16:16:56","guid":{"rendered":"http:\/\/acessopercon.com.br\/percon\/?p=43923"},"modified":"2016-12-21T16:16:56","modified_gmt":"2016-12-21T16:16:56","slug":"nivel-laser-em-diferentes-modelos","status":"publish","type":"post","link":"https:\/\/acessopercon.com.br\/percon\/nivel-laser-em-diferentes-modelos\/","title":{"rendered":"N\u00edvel a laser em diferentes modelos"},"content":{"rendered":"<p>N\u00edvel a laser em diferente modelos para atender diversas necessidades, testados para resistir a quedas de 1 metro. Precis\u00e3o de 6 mm a 30 metros (lasers de 3 pontos), at\u00e9 3 mm a 10 metros (lasers de 2 linhas). Eixo de suspens\u00e3o com assentamento r\u00e1pido e nivelamento autom\u00e1tico que fornece marcas precisas quase instantaneamente.<\/p>\n<p>&nbsp;<\/p>\n<p><a class=\"dt-single-image\" href=\"https:\/\/acessopercon.com.br\/2022\/wp-content\/uploads\/2016\/12\/NivelLaserPerCon.jpg\" rel=\"attachment wp-att-43924\" data-dt-img-description=\"\"><img fetchpriority=\"high\" decoding=\"async\" class=\"alignnone wp-image-43924\" src=\"https:\/\/acessopercon.com.br\/percon\/wp-content\/uploads\/2016\/12\/NivelLaserPerCon-300x99.jpg\" alt=\"nivellaserpercon\" width=\"445\" height=\"147\" srcset=\"https:\/\/acessopercon.com.br\/percon\/wp-content\/uploads\/2016\/12\/NivelLaserPerCon-300x99.jpg 300w, https:\/\/acessopercon.com.br\/percon\/wp-content\/uploads\/2016\/12\/NivelLaserPerCon.jpg 670w\" sizes=\"(max-width: 445px) 100vw, 445px\" \/><\/a><\/p>\n<p>&nbsp;<\/p>\n<h2>N\u00edvel a laser em diferentes modelos<\/h2>\n<p>N\u00edvel a laser de 3 pontos com auto nivelamento que permite criar o layout de pontos de refer\u00eancia com rapidez e precis\u00e3o modelos 3PG ( laser verde ) e 3PR ( laser vermelho ).<\/p>\n<p>&nbsp;<\/p>\n<p><a class=\"dt-single-image\" href=\"https:\/\/acessopercon.com.br\/2022\/wp-content\/uploads\/2016\/12\/Fluke3PRnaPerCon.png\" rel=\"attachment wp-att-43925\" data-dt-img-description=\"\"><img decoding=\"async\" class=\"alignnone size-medium wp-image-43925\" src=\"https:\/\/acessopercon.com.br\/percon\/wp-content\/uploads\/2016\/12\/Fluke3PRnaPerCon-300x201.png\" alt=\"fluke3prnapercon\" width=\"300\" height=\"201\" srcset=\"https:\/\/acessopercon.com.br\/percon\/wp-content\/uploads\/2016\/12\/Fluke3PRnaPerCon-300x201.png 300w, https:\/\/acessopercon.com.br\/percon\/wp-content\/uploads\/2016\/12\/Fluke3PRnaPerCon.png 328w\" sizes=\"(max-width: 300px) 100vw, 300px\" \/><\/a><\/p>\n<table width=\"650\">\n<tbody>\n<tr>\n<td colspan=\"3\"><strong>Especifica\u00e7\u00f5es<\/strong><\/td>\n<\/tr>\n<tr>\n<td colspan=\"2\" width=\"35%\"><strong>Fonte de luz<\/strong><\/td>\n<td>Diodo laser semicondutor<\/td>\n<\/tr>\n<tr>\n<td colspan=\"2\"><strong>Faixa de nivelamento<\/strong><\/td>\n<td>\u22646\u00b0<\/td>\n<\/tr>\n<tr>\n<td colspan=\"2\"><strong>Nivelamento<\/strong><\/td>\n<td>Autom\u00e1tico<\/td>\n<\/tr>\n<tr>\n<td colspan=\"2\"><strong>Faixa de opera\u00e7\u00e3o<\/strong><\/td>\n<td>\u226430\u00a0m<\/td>\n<\/tr>\n<tr>\n<td colspan=\"2\"><strong>Precis\u00e3o<\/strong><\/td>\n<td>\u22646\u00a0mm a 30\u00a0m<\/td>\n<\/tr>\n<tr>\n<td colspan=\"2\"><strong>Baterias<\/strong><\/td>\n<td>3 x AA alcalina IEC LR6<\/td>\n<\/tr>\n<tr>\n<td rowspan=\"2\"><strong>Vida \u00fatil da bateria<\/strong><\/td>\n<td><strong>Vermelho<\/strong><\/td>\n<td>\u226530 hs, uso cont\u00ednuo<\/td>\n<\/tr>\n<tr>\n<td><strong>Verde<\/strong><\/td>\n<td>10 a 12 hs, uso cont\u00ednuo<\/td>\n<\/tr>\n<tr>\n<td colspan=\"2\"><strong>Dimens\u00f5es (A x L x C)<\/strong><\/td>\n<td>140 x 102 x 57 mm<\/td>\n<\/tr>\n<tr>\n<td colspan=\"2\"><strong>Peso (com baterias)<\/strong><\/td>\n<td>0,52 kg<\/td>\n<\/tr>\n<tr>\n<td rowspan=\"2\"><strong>Temperatura<\/strong><\/td>\n<td><strong>Opera\u00e7\u00e3o<\/strong><\/td>\n<td>-18 \u00b0C a +50 \u00b0C<\/td>\n<\/tr>\n<tr>\n<td><strong>Armazenamento<\/strong><\/td>\n<td>&#8211; 40 \u00b0C a +70 \u00b0C<br \/>\nCom baterias:-20 \u00b0C a +50 \u00b0C<\/td>\n<\/tr>\n<tr>\n<td colspan=\"2\"><strong>Umidade relativa<\/strong><\/td>\n<td>0% a 90% (0\u00a0\u00b0C a 35\u00a0\u00b0C)0% a 75% (35\u00a0\u00b0C a 40\u00a0\u00b0C) 0% a 45% (40\u00a0\u00b0C a 50\u00a0\u00b0C)<\/td>\n<\/tr>\n<tr>\n<td colspan=\"2\"><strong>Altitude operacional<\/strong><\/td>\n<td>2.000 m<\/td>\n<\/tr>\n<tr>\n<td colspan=\"2\"><strong>Altitude de armazenagem<\/strong><\/td>\n<td>12000 m<\/td>\n<\/tr>\n<tr>\n<td colspan=\"3\"><strong>Seguran\u00e7a<\/strong><\/td>\n<\/tr>\n<tr>\n<td colspan=\"2\"><strong>Geral<\/strong><\/td>\n<td>IEC 61010-1: Grau de polui\u00e7\u00e3o 2<\/td>\n<\/tr>\n<tr>\n<td colspan=\"2\"><strong>Laser<\/strong><\/td>\n<td>IEC 60825-1, Classe 3R<\/td>\n<\/tr>\n<tr>\n<td colspan=\"2\"><strong>Pot\u00eancia m\u00e1xima de sa\u00edda<\/strong><\/td>\n<td>&lt;5 mW<\/td>\n<\/tr>\n<tr>\n<td colspan=\"2\"><strong>Comprimento de onda<\/strong><\/td>\n<td>Vermelho: 635\u00a0nm Verde: 510\u00a0nm<\/td>\n<\/tr>\n<\/tbody>\n<\/table>\n<p><strong>\u00a0<\/strong><\/p>\n<p>&nbsp;<\/p>\n<p>N\u00edvel a laser de duas linhas com nivelamento autom\u00e1tico ajudam a estabelecer pontos de refer\u00eancia com rapidez, precis\u00e3o e confiabilidade modelos 180LG ( laser verde ) e 180LR ( laser vermelho ).<\/p>\n<p>&nbsp;<\/p>\n<p><a class=\"dt-single-image\" href=\"https:\/\/acessopercon.com.br\/2022\/wp-content\/uploads\/2016\/12\/NivelLaserPerCon180LG-.png\" rel=\"attachment wp-att-43926\" data-dt-img-description=\"\"><img decoding=\"async\" class=\"alignnone size-medium wp-image-43926\" src=\"https:\/\/acessopercon.com.br\/percon\/wp-content\/uploads\/2016\/12\/N\u00edvelLaserPerCon180LG--300x201.png\" alt=\"nivellaserpercon180lg\" width=\"300\" height=\"201\" \/><\/a><\/p>\n<p>&nbsp;<\/p>\n<table width=\"650\">\n<tbody>\n<tr>\n<td colspan=\"3\"><strong>Especifica\u00e7\u00f5es<\/strong><\/td>\n<\/tr>\n<tr>\n<td colspan=\"2\" width=\"35%\"><strong>Fonte de luz<\/strong><\/td>\n<td>Diodo laser semicondutor<\/td>\n<\/tr>\n<tr>\n<td colspan=\"2\"><strong>Faixa de nivelamento<\/strong><\/td>\n<td>\u22646\u00b0<\/td>\n<\/tr>\n<tr>\n<td colspan=\"2\"><strong>Nivelamento<\/strong><\/td>\n<td>Autom\u00e1tico<\/td>\n<\/tr>\n<tr>\n<td colspan=\"2\"><strong>Faixa de opera\u00e7\u00e3o<\/strong><\/td>\n<td>\u226460\u00a0m<\/td>\n<\/tr>\n<tr>\n<td colspan=\"2\"><strong>Precis\u00e3o<\/strong><\/td>\n<td>\u22643\u00a0mm a 9\u00a0m<\/td>\n<\/tr>\n<tr>\n<td colspan=\"2\"><strong>Baterias<\/strong><\/td>\n<td>3 x AA alcalina IEC LR6<\/td>\n<\/tr>\n<tr>\n<td rowspan=\"2\"><strong>Vida \u00fatil da bateria<\/strong><\/td>\n<td><strong>Vermelho<\/strong><\/td>\n<td>\u226535 horas, uso cont\u00ednuo com feixe \u00fanico<\/td>\n<\/tr>\n<tr>\n<td><strong>Verde<\/strong><\/td>\n<td>2 a 6 horas, uso cont\u00ednuo com feixe \u00fanico<\/td>\n<\/tr>\n<tr>\n<td colspan=\"2\"><strong>Dimens\u00f5es (A x L x C)<\/strong><\/td>\n<td>93 x 61 x 93 mm<\/td>\n<\/tr>\n<tr>\n<td colspan=\"2\"><strong>Peso (com baterias)<\/strong><\/td>\n<td>0,50 kg<\/td>\n<\/tr>\n<tr>\n<td rowspan=\"2\"><strong>Temperatura<\/strong><\/td>\n<td><strong>Opera\u00e7\u00e3o<\/strong><\/td>\n<td>-18 \u00b0C a +50 \u00b0C<\/td>\n<\/tr>\n<tr>\n<td><strong>Armazenamento<\/strong><\/td>\n<td>&#8211; 40 \u00b0C a +70 \u00b0C<br \/>\nCom baterias: -20 \u00b0C a +50 \u00b0C<\/td>\n<\/tr>\n<tr>\n<td colspan=\"2\"><strong>Umidade relativa<\/strong><\/td>\n<td>0% a 90% (0\u00a0\u00b0C a 35\u00a0\u00b0C)0% a 75% (35\u00a0\u00b0C a 40\u00a0\u00b0C) 0% a 45% (40\u00a0\u00b0C a 50\u00a0\u00b0C)<\/td>\n<\/tr>\n<tr>\n<td colspan=\"2\"><strong>Altitude de funcionamento<\/strong><\/td>\n<td>2.000 m<\/td>\n<\/tr>\n<tr>\n<td colspan=\"2\"><strong>Altitude de armazenagem<\/strong><\/td>\n<td>12.000 m<\/td>\n<\/tr>\n<tr>\n<td colspan=\"3\"><strong>Seguran\u00e7a<\/strong><\/td>\n<\/tr>\n<tr>\n<td colspan=\"2\"><strong>Geral<\/strong><\/td>\n<td>IEC 61010-1: Grau de polui\u00e7\u00e3o 2<\/td>\n<\/tr>\n<tr>\n<td colspan=\"2\"><strong>Laser<\/strong><\/td>\n<td>IEC 60825-1: Classe 3R<\/td>\n<\/tr>\n<tr>\n<td colspan=\"2\"><strong>Pot\u00eancia m\u00e1xima de sa\u00edda<\/strong><\/td>\n<td>&lt;5 mW<\/td>\n<\/tr>\n<tr>\n<td colspan=\"2\"><strong>Comprimento de onda<\/strong><\/td>\n<td>Vermelho: 635\u00a0nm Verde: 510\u00a0nm<\/td>\n<\/tr>\n<\/tbody>\n<\/table>\n<p><strong>\u00a0<\/strong><\/p>\n<p><strong>N\u00edvel a laser e outras ferramentas da Fluke s\u00e3o <\/strong><strong>na PerCon<\/strong><\/p>\n<p>N\u00edvel a laser e outras ferramentas da Fluke podem ser encontrados na PerCon Tecnologia que atua como canal de distribui\u00e7\u00e3o de produtos de teste e medi\u00e7\u00e3o dos melhores fabricantes mundiais e \u00e9 sediada na Rua Dias da Cruz 188 \u2013 Sub solo \u2013 M\u00e9ier (<a href=\"mailto:percon@acessopercon.com.br\">percon@acessopercon.com.br<\/a>) \/ Fone : 21-2596-8369<\/p>\n<p><strong>\u00a0<\/strong><a href=\"https:\/\/acessopercon.com.br\/percon\/fale-conosco\/\"><strong>Clique para obter informa\u00e7\u00e3o adicional<\/strong><\/a><\/p>\n<p><a class=\"dt-single-image\" href=\"https:\/\/acessopercon.com.br\/2022\/wp-content\/uploads\/2016\/12\/A-PerCon-16.jpg\" rel=\"attachment wp-att-50101\" data-dt-img-description=\"\"><img loading=\"lazy\" decoding=\"async\" class=\"alignnone size-medium wp-image-50101\" src=\"https:\/\/acessopercon.com.br\/percon\/wp-content\/uploads\/2016\/12\/A-PerCon-16-300x184.jpg\" alt=\"N\u00edvel\" width=\"300\" height=\"184\" srcset=\"https:\/\/acessopercon.com.br\/percon\/wp-content\/uploads\/2016\/12\/A-PerCon-16-300x184.jpg 300w, https:\/\/acessopercon.com.br\/percon\/wp-content\/uploads\/2016\/12\/A-PerCon-16.jpg 331w\" sizes=\"(max-width: 300px) 100vw, 300px\" \/><\/a><\/p>\n<p>&nbsp;<\/p>\n<p>&nbsp;<\/p>\n<table style=\"height: 566px;\" width=\"22\">\n<tbody>\n<tr>\n<td colspan=\"3\"><\/td>\n<\/tr>\n<tr>\n<td colspan=\"2\" width=\"35%\"><\/td>\n<td><\/td>\n<\/tr>\n<tr>\n<td colspan=\"2\"><\/td>\n<td><\/td>\n<\/tr>\n<tr>\n<td colspan=\"2\"><\/td>\n<td><\/td>\n<\/tr>\n<tr>\n<td colspan=\"2\"><\/td>\n<td><\/td>\n<\/tr>\n<tr>\n<td colspan=\"2\"><\/td>\n<td><\/td>\n<\/tr>\n<tr>\n<td colspan=\"2\"><\/td>\n<td><\/td>\n<\/tr>\n<tr>\n<td rowspan=\"2\"><\/td>\n<td><\/td>\n<td><\/td>\n<\/tr>\n<tr>\n<td><\/td>\n<td><\/td>\n<\/tr>\n<tr>\n<td colspan=\"2\"><\/td>\n<td><\/td>\n<\/tr>\n<tr>\n<td colspan=\"2\"><\/td>\n<td><\/td>\n<\/tr>\n<tr>\n<td rowspan=\"2\"><\/td>\n<td><\/td>\n<td><\/td>\n<\/tr>\n<tr>\n<td><\/td>\n<td><\/td>\n<\/tr>\n<tr>\n<td colspan=\"2\"><\/td>\n<td><\/td>\n<\/tr>\n<tr>\n<td colspan=\"2\"><\/td>\n<td><\/td>\n<\/tr>\n<tr>\n<td colspan=\"2\"><\/td>\n<td><\/td>\n<\/tr>\n<tr>\n<td colspan=\"3\"><\/td>\n<\/tr>\n<tr>\n<td colspan=\"2\"><\/td>\n<td><\/td>\n<\/tr>\n<tr>\n<td colspan=\"2\"><\/td>\n<td><\/td>\n<\/tr>\n<tr>\n<td colspan=\"2\"><\/td>\n<td><\/td>\n<\/tr>\n<tr>\n<td colspan=\"2\"><\/td>\n<td><\/td>\n<\/tr>\n<\/tbody>\n<\/table>\n","protected":false},"excerpt":{"rendered":"<p>N\u00edvel a laser em diferente modelos para atender diversas necessidades, testados para resistir a quedas de 1 metro. Precis\u00e3o de 6 mm a 30 metros (lasers de 3 pontos), at\u00e9 3 mm a 10 metros (lasers de 2 linhas). Eixo de suspens\u00e3o com assentamento r\u00e1pido e nivelamento autom\u00e1tico que fornece marcas precisas quase instantaneamente. &nbsp; [&hellip;]<\/p>\n","protected":false},"author":4,"featured_media":0,"comment_status":"closed","ping_status":"closed","sticky":false,"template":"","format":"standard","meta":{"footnotes":""},"categories":[28,241,29,30,31],"tags":[584],"_links":{"self":[{"href":"https:\/\/acessopercon.com.br\/percon\/wp-json\/wp\/v2\/posts\/43923"}],"collection":[{"href":"https:\/\/acessopercon.com.br\/percon\/wp-json\/wp\/v2\/posts"}],"about":[{"href":"https:\/\/acessopercon.com.br\/percon\/wp-json\/wp\/v2\/types\/post"}],"author":[{"embeddable":true,"href":"https:\/\/acessopercon.com.br\/percon\/wp-json\/wp\/v2\/users\/4"}],"replies":[{"embeddable":true,"href":"https:\/\/acessopercon.com.br\/percon\/wp-json\/wp\/v2\/comments?post=43923"}],"version-history":[{"count":0,"href":"https:\/\/acessopercon.com.br\/percon\/wp-json\/wp\/v2\/posts\/43923\/revisions"}],"wp:attachment":[{"href":"https:\/\/acessopercon.com.br\/percon\/wp-json\/wp\/v2\/media?parent=43923"}],"wp:term":[{"taxonomy":"category","embeddable":true,"href":"https:\/\/acessopercon.com.br\/percon\/wp-json\/wp\/v2\/categories?post=43923"},{"taxonomy":"post_tag","embeddable":true,"href":"https:\/\/acessopercon.com.br\/percon\/wp-json\/wp\/v2\/tags?post=43923"}],"curies":[{"name":"wp","href":"https:\/\/api.w.org\/{rel}","templated":true}]}}