{"id":43112,"date":"2016-09-16T14:50:39","date_gmt":"2016-09-16T14:50:39","guid":{"rendered":"http:\/\/acessopercon.com.br\/percon\/?p=43112"},"modified":"2016-09-16T14:50:39","modified_gmt":"2016-09-16T14:50:39","slug":"cor-automotiva","status":"publish","type":"post","link":"https:\/\/acessopercon.com.br\/percon\/cor-automotiva\/","title":{"rendered":"Cor automotiva e ferramentas"},"content":{"rendered":"<p>Cor automotiva, o controle e a comunica\u00e7\u00e3o s\u00e3o \u00a0exig\u00eancias de cada segmento da ind\u00fastria e especifico de cada etapa da produ\u00e7\u00e3o , divulga\u00e7\u00e3o e vendas. As caracter\u00edsticas das mat\u00e9rias-primas, do processo de produ\u00e7\u00e3o e do produto final, junto \u00e0 rigidez das toler\u00e2ncias de cores , constituem na solu\u00e7\u00e3o ideal. Personalizadas para o seu neg\u00f3cio e o seu fluxo de trabalho, as solu\u00e7\u00f5es espec\u00edficas de cada setor proporcionam economia de tempo, eliminam o desperd\u00edcio e garantem a consist\u00eancia das cores .<\/p>\n<p><a class=\"dt-single-image\" href=\"https:\/\/acessopercon.com.br\/2022\/wp-content\/uploads\/2016\/09\/cores-automotivas.jpg\" rel=\"attachment wp-att-43113\" data-dt-img-description=\"\"><img fetchpriority=\"high\" decoding=\"async\" class=\"alignnone wp-image-43113\" src=\"https:\/\/acessopercon.com.br\/percon\/wp-content\/uploads\/2016\/09\/cores-automotivas-300x150.jpg\" alt=\"cores-automotivas\" width=\"430\" height=\"215\" srcset=\"https:\/\/acessopercon.com.br\/percon\/wp-content\/uploads\/2016\/09\/cores-automotivas-300x150.jpg 300w, https:\/\/acessopercon.com.br\/percon\/wp-content\/uploads\/2016\/09\/cores-automotivas.jpg 700w\" sizes=\"(max-width: 430px) 100vw, 430px\" \/><\/a><\/p>\n<p>&nbsp;<\/p>\n<h2><strong>Cor automotiva e ferramentas<\/strong><\/h2>\n<p><strong>Cores em cada etapas do conceito ao produto <\/strong><\/p>\n<p>Garantir que um automotivo no showroom corresponda ao conceito inicial n\u00e3o \u00e9 tarefa f\u00e1cil. Principalmente quando os componentes interiores e exteriores s\u00e3o produzidos em diferentes locais e por diferentes fornecedores, al\u00e9m disso utilizando um conjunto de materiais cada vez mais complexo.<\/p>\n<p><a class=\"dt-single-image\" href=\"https:\/\/acessopercon.com.br\/2022\/wp-content\/uploads\/2016\/09\/Cores-automotivas-1-.jpg\" rel=\"attachment wp-att-43114\" data-dt-img-description=\"\"><img decoding=\"async\" class=\"alignnone size-medium wp-image-43114\" src=\"https:\/\/acessopercon.com.br\/percon\/wp-content\/uploads\/2016\/09\/Cores-automotivas-1--300x119.jpg\" alt=\"cores-automotivas-1\" width=\"300\" height=\"119\" srcset=\"https:\/\/acessopercon.com.br\/percon\/wp-content\/uploads\/2016\/09\/Cores-automotivas-1--300x119.jpg 300w, https:\/\/acessopercon.com.br\/percon\/wp-content\/uploads\/2016\/09\/Cores-automotivas-1-.jpg 356w\" sizes=\"(max-width: 300px) 100vw, 300px\" \/><\/a><\/p>\n<p>Para \u00a0garantir que as cores dos cat\u00e1logos correspondam exatamente as mesmas cores dos an\u00fancios em diferentes meio , bem como com as cores aplicadas em cada veiculo, independente de \u00e9poca ou do local s\u00e3o necess\u00e1rios controles e analises realizadas por ferramentas especiais .<\/p>\n<p>&nbsp;<\/p>\n<p><strong>O processo pode ser divido nas seguintes etapas <\/strong><\/p>\n<p><strong>Especifica\u00e7\u00e3o\/design\u00a0 <\/strong>\u00e9 a etapa da constru\u00e7\u00e3o e defini\u00e7\u00e3o da solu\u00e7\u00e3o completa composta pelos padr\u00f5es certos de cor digital e f\u00edsica, pelo perfil de cor e por ferramentas de calibra\u00e7\u00e3o para dispositivos como monitores e impressoras de prova, uma cabine de luz para avalia\u00e7\u00e3o de cor visual controlada, um dispositivo de medi\u00e7\u00e3o de cor como um espectrofot\u00f4metro e um por software.<\/p>\n<p><strong>Desenvolvimento\/formula\u00e7\u00e3o<\/strong> do principal padr\u00e3o de cor pode ser um desafio devido \u00e0s caracter\u00edsticas em constante altera\u00e7\u00e3o das mat\u00e9rias-primas. Existem solu\u00e7\u00f5es de formula\u00e7\u00e3o l\u00edderes de mercado que garantir\u00e3o que o desperd\u00edcio, o retrabalho e a perda de tempo sejam mantidos em n\u00edveis m\u00ednimos. Uma solu\u00e7\u00e3o completa de formula\u00e7\u00e3o \u00e9 composta pelos padr\u00f5es certos de cor digital e f\u00edsica, por uma cabine de luz para avalia\u00e7\u00e3o de cor visual controlada, por um dispositivo de medi\u00e7\u00e3o de cor como um espectrofot\u00f4metro e por um software.<\/p>\n<p><strong>Produ\u00e7\u00e3o\/controle de qualidade<\/strong> garante que suas cores correspondam \u00e0s especifica\u00e7\u00f5es requeridas pelo cliente, sem comprometimento do tempo de produ\u00e7\u00e3o, recursos ou custos adicionais. Uma solu\u00e7\u00e3o completa de produ\u00e7\u00e3o e controle de qualidade \u00e9 composta pelos padr\u00f5es certos de cor digital e f\u00edsica, por uma cabine de luz para avalia\u00e7\u00e3o de cor visual controlada, por um dispositivo de medi\u00e7\u00e3o de cor como um espectrofot\u00f4metro e por um software.<\/p>\n<p><a class=\"dt-single-image\" href=\"https:\/\/acessopercon.com.br\/2022\/wp-content\/uploads\/2016\/09\/Cores-automotivas-2-.jpg\" rel=\"attachment wp-att-43115\" data-dt-img-description=\"\"><img decoding=\"async\" class=\"alignnone wp-image-43115\" src=\"https:\/\/acessopercon.com.br\/percon\/wp-content\/uploads\/2016\/09\/Cores-automotivas-2--300x60.jpg\" alt=\"cores-automotivas-2\" width=\"515\" height=\"103\" srcset=\"https:\/\/acessopercon.com.br\/percon\/wp-content\/uploads\/2016\/09\/Cores-automotivas-2--300x60.jpg 300w, https:\/\/acessopercon.com.br\/percon\/wp-content\/uploads\/2016\/09\/Cores-automotivas-2--1024x205.jpg 1024w, https:\/\/acessopercon.com.br\/percon\/wp-content\/uploads\/2016\/09\/Cores-automotivas-2--768x154.jpg 768w, https:\/\/acessopercon.com.br\/percon\/wp-content\/uploads\/2016\/09\/Cores-automotivas-2--1536x307.jpg 1536w, https:\/\/acessopercon.com.br\/percon\/wp-content\/uploads\/2016\/09\/Cores-automotivas-2-.jpg 2000w\" sizes=\"(max-width: 515px) 100vw, 515px\" \/><\/a><\/p>\n<p>&nbsp;<\/p>\n<p>&nbsp;<\/p>\n<p><strong>Cor automotiva e as ferramentas sugeridas<br \/>\n<\/strong><\/p>\n<p><strong>Ecossistema Total Appearance Capture (TAC)<\/strong> permite a cria\u00e7\u00e3o de materiais virtuais que t\u00eam exatamente as mesmas caracter\u00edsticas \u00f3pticas que os materiais reais.<\/p>\n<p><a class=\"dt-single-image\" href=\"https:\/\/acessopercon.com.br\/2022\/wp-content\/uploads\/2016\/09\/Ecossistema-Total-Appearance-Capture-TAC.jpg\" rel=\"attachment wp-att-43116\" data-dt-img-description=\"\"><img loading=\"lazy\" decoding=\"async\" class=\"alignnone size-full wp-image-43116\" src=\"https:\/\/acessopercon.com.br\/2022\/wp-content\/uploads\/2016\/09\/Ecossistema-Total-Appearance-Capture-TAC.jpg\" alt=\"ecossistema-total-appearance-capture-tac\" width=\"100\" height=\"100\" \/><\/a><\/p>\n<p><em>Especifica\u00e7\u00f5es\/design parte interna e externa <\/em><\/p>\n<p><em>\u00a0<\/em><\/p>\n<p><strong>SpectraLight QC<\/strong> \u00e9 a cabine de luz ideal para avalia\u00e7\u00f5es visuais de itens grandes e pequenos nas quais as cores s\u00e3o essenciais, seja sob a luz do dia ou em outras condi\u00e7\u00f5es de ilumina\u00e7\u00e3o; inclui 7 fontes de luz.<\/p>\n<p><a class=\"dt-single-image\" href=\"https:\/\/acessopercon.com.br\/2022\/wp-content\/uploads\/2016\/09\/SpectraLight-QC.jpg\" rel=\"attachment wp-att-43117\" data-dt-img-description=\"\"><img loading=\"lazy\" decoding=\"async\" class=\"alignnone size-full wp-image-43117\" src=\"https:\/\/acessopercon.com.br\/2022\/wp-content\/uploads\/2016\/09\/SpectraLight-QC.jpg\" alt=\"spectralight-qc\" width=\"100\" height=\"100\" \/><\/a><\/p>\n<p><em>Especifica\u00e7\u00f5es\/design , desenvolvimento\/formula\u00e7\u00e3o e produ\u00e7\u00e3o\/controle de qualidade parte interna e externa <\/em><\/p>\n<p>&nbsp;<\/p>\n<p><strong>Fam\u00edlia Ci6x de espectrofot\u00f4metros<\/strong> de esfera da X-Rite traz instrumentos port\u00e1teis pr\u00e1ticos que adaptam facilmente uma variedade de fluxos de trabalho e medem com precis\u00e3o a cor de diversos materiais.<\/p>\n<p><a class=\"dt-single-image\" href=\"https:\/\/acessopercon.com.br\/2022\/wp-content\/uploads\/2016\/09\/Familia-Ci6x-de-espectrofotometros.jpg\" rel=\"attachment wp-att-43118\" data-dt-img-description=\"\"><img loading=\"lazy\" decoding=\"async\" class=\"alignnone size-full wp-image-43118\" src=\"https:\/\/acessopercon.com.br\/2022\/wp-content\/uploads\/2016\/09\/Familia-Ci6x-de-espectrofotometros.jpg\" alt=\"familia-ci6x-de-espectrofotometros\" width=\"100\" height=\"100\" \/><\/a><\/p>\n<p><em>Especifica\u00e7\u00f5es\/design parte interna e externa <\/em><\/p>\n<p>&nbsp;<\/p>\n<p><strong>Fam\u00edlia Ci7x00 de espectrofot\u00f4metros<\/strong> de esfera de bancada estabelece um novo padr\u00e3o para medir, gerenciar e comunicar a cor com trilhas de auditoria sem precedentes e desempenho repet\u00edvel.<\/p>\n<p><a class=\"dt-single-image\" href=\"https:\/\/acessopercon.com.br\/2022\/wp-content\/uploads\/2016\/09\/Familia-Ci7x00-de-espectrofotometros.jpg\" rel=\"attachment wp-att-43119\" data-dt-img-description=\"\"><img loading=\"lazy\" decoding=\"async\" class=\"alignnone size-full wp-image-43119\" src=\"https:\/\/acessopercon.com.br\/2022\/wp-content\/uploads\/2016\/09\/Familia-Ci7x00-de-espectrofotometros.jpg\" alt=\"familia-ci7x00-de-espectrofotometros\" width=\"100\" height=\"100\" \/><\/a><\/p>\n<p><em>Especifica\u00e7\u00f5es\/design , desenvolvimento\/formula\u00e7\u00e3o e produ\u00e7\u00e3o\/controle de qualidade parte interna e externa <\/em><\/p>\n<p>&nbsp;<\/p>\n<p><strong>Color iQC<\/strong> \u00e9 uma solu\u00e7\u00e3o de controle de qualidade de cor atualiz\u00e1vel, exclusiva e orientada ao trabalho, desenvolvida para atender \u00e0s exig\u00eancias em evolu\u00e7\u00e3o de gerenciamento e medi\u00e7\u00e3o de cor de todos os segmentos do setor.<\/p>\n<p><a class=\"dt-single-image\" href=\"https:\/\/acessopercon.com.br\/2022\/wp-content\/uploads\/2016\/09\/Color-iQC.jpg\" rel=\"attachment wp-att-43120\" data-dt-img-description=\"\"><img loading=\"lazy\" decoding=\"async\" class=\"alignnone size-full wp-image-43120\" src=\"https:\/\/acessopercon.com.br\/2022\/wp-content\/uploads\/2016\/09\/Color-iQC.jpg\" alt=\"color-iqc\" width=\"100\" height=\"100\" \/><\/a><\/p>\n<p><em>Especifica\u00e7\u00f5es\/design parte interna e externa <\/em><\/p>\n<p>&nbsp;<\/p>\n<p><strong>NetProfiler<\/strong> \u00e9 uma mescla baseada na nuvem de padr\u00f5es de cores e software que serve para a verifica\u00e7\u00e3o e otimiza\u00e7\u00e3o do desempenho de dispositivos de medi\u00e7\u00e3o de cor e reduz a varia\u00e7\u00e3o entre os instrumentos.<\/p>\n<p><a class=\"dt-single-image\" href=\"https:\/\/acessopercon.com.br\/2022\/wp-content\/uploads\/2016\/09\/NetProfiler.jpg\" rel=\"attachment wp-att-43121\" data-dt-img-description=\"\"><img loading=\"lazy\" decoding=\"async\" class=\"alignnone size-full wp-image-43121\" src=\"https:\/\/acessopercon.com.br\/2022\/wp-content\/uploads\/2016\/09\/NetProfiler.jpg\" alt=\"netprofiler\" width=\"100\" height=\"100\" \/><\/a><\/p>\n<p><em>Especifica\u00e7\u00f5es\/design , desenvolvimento\/formula\u00e7\u00e3o e produ\u00e7\u00e3o\/controle de qualidade parte interna e externa <\/em><\/p>\n<p>&nbsp;<\/p>\n<p><strong>Color iMatch<\/strong> \u00e9 uma solu\u00e7\u00e3o de formula\u00e7\u00e3o de cor orientada ao trabalho para tintas, materiais pl\u00e1sticos e tecidos, que permite an\u00e1lises precisas e r\u00e1pidas de cor e formula\u00e7\u00e3o de pigmentos para uma variedade de aplica\u00e7\u00f5es.<\/p>\n<p><a class=\"dt-single-image\" href=\"https:\/\/acessopercon.com.br\/2022\/wp-content\/uploads\/2016\/09\/Color-iMatch-.jpg\" rel=\"attachment wp-att-43122\" data-dt-img-description=\"\"><img loading=\"lazy\" decoding=\"async\" class=\"alignnone size-full wp-image-43122\" src=\"https:\/\/acessopercon.com.br\/2022\/wp-content\/uploads\/2016\/09\/Color-iMatch-.jpg\" alt=\"color-imatch\" width=\"100\" height=\"100\" \/><\/a><\/p>\n<p><em>Desenvolvimento\/formula\u00e7\u00e3o e produ\u00e7\u00e3o\/controle de qualidade parte interna <\/em><\/p>\n<p>&nbsp;<\/p>\n<p><strong>Salas de harmonia<\/strong> s\u00e3o salas de forma e acabamento personalizadas que fornecem as melhores condi\u00e7\u00f5es de simula\u00e7\u00e3o de luz do dia da categoria para reproduzir com precis\u00e3o as condi\u00e7\u00f5es de visualiza\u00e7\u00e3o do consumidor.<\/p>\n<p><a class=\"dt-single-image\" href=\"https:\/\/acessopercon.com.br\/2022\/wp-content\/uploads\/2016\/09\/Salas-de-harmonia-.jpg\" rel=\"attachment wp-att-43123\" data-dt-img-description=\"\"><img loading=\"lazy\" decoding=\"async\" class=\"alignnone wp-image-43123\" src=\"https:\/\/acessopercon.com.br\/2022\/wp-content\/uploads\/2016\/09\/Salas-de-harmonia-.jpg\" alt=\"salas-de-harmonia\" width=\"137\" height=\"137\" \/><\/a><\/p>\n<p><em>Desenvolvimento\/formula\u00e7\u00e3o e produ\u00e7\u00e3o\/controle de qualidade parte externa <\/em><\/p>\n<p><em>\u00a0<\/em><\/p>\n<p><strong>Fam\u00edlia MA<\/strong> de espectrofot\u00f4metros multi \u00e2ngulo permite a medi\u00e7\u00e3o consistente de tintas e revestimentos com efeitos tradicionais e especiais desde o laborat\u00f3rio at\u00e9 a fabrica\u00e7\u00e3o.<\/p>\n<p><a class=\"dt-single-image\" href=\"https:\/\/acessopercon.com.br\/2022\/wp-content\/uploads\/2016\/09\/Familia-MA-.jpg\" rel=\"attachment wp-att-43124\" data-dt-img-description=\"\"><img loading=\"lazy\" decoding=\"async\" class=\"alignnone wp-image-43124\" src=\"https:\/\/acessopercon.com.br\/2022\/wp-content\/uploads\/2016\/09\/Familia-MA-.jpg\" alt=\"familia-ma\" width=\"130\" height=\"130\" \/><\/a><\/p>\n<p><em>Desenvolvimento\/formula\u00e7\u00e3o e produ\u00e7\u00e3o\/controle de qualidade parte externa <\/em><\/p>\n<p><em>\u00a0<\/em><\/p>\n<p><strong>X Color QC<\/strong> para rastreio e controle dados de cor de uma variedade de materiais na ind\u00fastria automotiva e outras ind\u00fastrias, com conectividade completa e em tempo real, al\u00e9m de acesso do usu\u00e1rio controlado.<\/p>\n<p><a class=\"dt-single-image\" href=\"https:\/\/acessopercon.com.br\/2022\/wp-content\/uploads\/2016\/09\/X-Color-QC-.jpg\" rel=\"attachment wp-att-43125\" data-dt-img-description=\"\"><img loading=\"lazy\" decoding=\"async\" class=\"alignnone wp-image-43125\" src=\"https:\/\/acessopercon.com.br\/2022\/wp-content\/uploads\/2016\/09\/X-Color-QC-.jpg\" alt=\"x-color-qc\" width=\"132\" height=\"132\" \/><\/a><\/p>\n<p><em>Desenvolvimento\/formula\u00e7\u00e3o e produ\u00e7\u00e3o\/controle de qualidade parte externa <\/em><\/p>\n<p>&nbsp;<\/p>\n<p><strong>Clique e consulte assuntos relacionados<\/strong><\/p>\n<p><strong><u><a href=\"https:\/\/acessopercon.com.br\/percon\/transdutor-de-pressao-automotivo\/\">Transdutores de press\u00e3o automotivos<\/a><\/u><\/strong><\/p>\n<p><strong><u><a href=\"https:\/\/acessopercon.com.br\/percon\/automotivo-teste-nvh\/\">NHV ( Problemas de vibra\u00e7\u00e3o , ru\u00eddo e aspereza )<\/a><\/u><\/strong><\/p>\n<p><strong><u><a href=\"https:\/\/acessopercon.com.br\/percon\/osciloscopio-automotivo\/\">Oscilosc\u00f3pio automotivo<\/a><\/u><\/strong><\/p>\n<p><strong><u><a href=\"https:\/\/acessopercon.com.br\/percon\/diagnostico-automotivo-aplicacoes-com-osciloscopios\/\">Diagn\u00f3stico automotivo<\/a><\/u><\/strong><\/p>\n<p><strong><u><a href=\"https:\/\/acessopercon.com.br\/percon\/eletronica-embarcada-em-automotivos\/\">Eletr\u00f4nica embarcada<\/a><\/u><\/strong><\/p>\n<p><strong><u><a href=\"https:\/\/acessopercon.com.br\/percon\/cores-automotivas\/\">Cores automotivas<\/a><\/u><\/strong><\/p>\n<p><strong><u><a href=\"https:\/\/acessopercon.com.br\/percon\/manutencao-automotiva-eletronica-embarcada\/\">Manuten\u00e7\u00e3o automotiva<\/a><\/u><\/strong><\/p>\n<p><strong><u><a href=\"https:\/\/acessopercon.com.br\/percon\/video-boroscopio-de-inspecao\/\">V\u00eddeo borosc\u00f3pio de inspe\u00e7\u00e3o<\/a><\/u><\/strong><\/p>\n<p><strong><u><a href=\"https:\/\/acessopercon.com.br\/percon\/videoscopio-articulado-de-alta-definicao\/\">Videosc\u00f3pio articulado de alta defini\u00e7\u00e3o<\/a><\/u><\/strong><\/p>\n<p><strong><u><a href=\"https:\/\/acessopercon.com.br\/percon\/boroscopio-prova-dagua-modelos-br300-e-br350\/\">Borosc\u00f3pio \u00e0 prova d&#8217;\u00e1gua<\/a><\/u><\/strong><\/p>\n<p><strong><u><a href=\"https:\/\/acessopercon.com.br\/percon\/multimetro-para-isolamento-2-em-1-de-alto-desempenho-1587-fc-agora-com-fluke-connect\/\">Mult\u00edmetro para isolamento 2 em 1<\/a><\/u><\/strong><\/p>\n<p><strong><u><a href=\"https:\/\/acessopercon.com.br\/percon\/multimetro-termico-trms-fluke-279-fc\/\">Mult\u00edmetro t\u00e9rmico<\/a><\/u><\/strong><\/p>\n<p><strong><u><a href=\"https:\/\/acessopercon.com.br\/percon\/termometro-infravermelho-com-visualizacao-fluke-vt04-ou-vt04a\/\">Term\u00f4metro Infravermelho com visualiza\u00e7\u00e3o<\/a><\/u><\/strong><\/p>\n<p><strong><u><a href=\"https:\/\/acessopercon.com.br\/percon\/termovisor\/\">C\u00e2mera infravermelha<\/a><\/u><\/strong><\/p>\n<p><strong>\u00a0<\/strong><\/p>\n<p><strong>Cor automotiva s\u00e3o na PerCon<\/strong><\/p>\n<p>Cor automotiva\u00a0 e produtos para outras industrias da X-Rite podem ser encontrados na PerCon Tecnologia que atua como canal de distribui\u00e7\u00e3o de produtos de teste e medi\u00e7\u00e3o dos melhores fabricantes mundiais e \u00e9 sediada na Rua Dias da Cruz 188 \u2013 Sub solo \u2013 M\u00e9ier (<a href=\"mailto:percon@acessopercon.com.br\">percon@acessopercon.com.br<\/a>) \/ Fone : 21-2596-8369<\/p>\n<p><a href=\"https:\/\/acessopercon.com.br\/percon\/fale-conosco\/\"><strong>Clique para obter informa\u00e7\u00e3o adicional<\/strong><\/a><\/p>\n<p><a class=\"dt-single-image\" href=\"https:\/\/acessopercon.com.br\/2022\/wp-content\/uploads\/2016\/09\/A-PerCon-1.jpg\" rel=\"attachment wp-att-48220\" data-dt-img-description=\"\"><img loading=\"lazy\" decoding=\"async\" class=\"alignnone size-medium wp-image-48220\" src=\"https:\/\/acessopercon.com.br\/percon\/wp-content\/uploads\/2016\/09\/A-PerCon-1-300x184.jpg\" alt=\"Cor automotiva\" width=\"300\" height=\"184\" srcset=\"https:\/\/acessopercon.com.br\/percon\/wp-content\/uploads\/2016\/09\/A-PerCon-1-300x184.jpg 300w, https:\/\/acessopercon.com.br\/percon\/wp-content\/uploads\/2016\/09\/A-PerCon-1.jpg 331w\" sizes=\"(max-width: 300px) 100vw, 300px\" \/><\/a><\/p>\n","protected":false},"excerpt":{"rendered":"<p>Cor automotiva, o controle e a comunica\u00e7\u00e3o s\u00e3o \u00a0exig\u00eancias de cada segmento da ind\u00fastria e especifico de cada etapa da produ\u00e7\u00e3o , divulga\u00e7\u00e3o e vendas. As caracter\u00edsticas das mat\u00e9rias-primas, do processo de produ\u00e7\u00e3o e do produto final, junto \u00e0 rigidez das toler\u00e2ncias de cores , constituem na solu\u00e7\u00e3o ideal. Personalizadas para o seu neg\u00f3cio e [&hellip;]<\/p>\n","protected":false},"author":4,"featured_media":0,"comment_status":"closed","ping_status":"closed","sticky":false,"template":"","format":"standard","meta":{"footnotes":""},"categories":[36,416],"tags":[560],"_links":{"self":[{"href":"https:\/\/acessopercon.com.br\/percon\/wp-json\/wp\/v2\/posts\/43112"}],"collection":[{"href":"https:\/\/acessopercon.com.br\/percon\/wp-json\/wp\/v2\/posts"}],"about":[{"href":"https:\/\/acessopercon.com.br\/percon\/wp-json\/wp\/v2\/types\/post"}],"author":[{"embeddable":true,"href":"https:\/\/acessopercon.com.br\/percon\/wp-json\/wp\/v2\/users\/4"}],"replies":[{"embeddable":true,"href":"https:\/\/acessopercon.com.br\/percon\/wp-json\/wp\/v2\/comments?post=43112"}],"version-history":[{"count":0,"href":"https:\/\/acessopercon.com.br\/percon\/wp-json\/wp\/v2\/posts\/43112\/revisions"}],"wp:attachment":[{"href":"https:\/\/acessopercon.com.br\/percon\/wp-json\/wp\/v2\/media?parent=43112"}],"wp:term":[{"taxonomy":"category","embeddable":true,"href":"https:\/\/acessopercon.com.br\/percon\/wp-json\/wp\/v2\/categories?post=43112"},{"taxonomy":"post_tag","embeddable":true,"href":"https:\/\/acessopercon.com.br\/percon\/wp-json\/wp\/v2\/tags?post=43112"}],"curies":[{"name":"wp","href":"https:\/\/api.w.org\/{rel}","templated":true}]}}