{"id":42614,"date":"2016-07-27T16:38:29","date_gmt":"2016-07-27T16:38:29","guid":{"rendered":"http:\/\/acessopercon.com.br\/percon\/?p=42614"},"modified":"2016-07-27T16:38:29","modified_gmt":"2016-07-27T16:38:29","slug":"produtos-educacionais","status":"publish","type":"post","link":"https:\/\/acessopercon.com.br\/percon\/produtos-educacionais\/","title":{"rendered":"Produtos educacionais"},"content":{"rendered":"<p>Produtos educacionais, instrumentos de teste e kits educacionais de diferentes disciplinas , produzido pelos melhores fabricantes e padronizados pelas melhores institui\u00e7\u00f5es de ensino est\u00e3o dispon\u00edveis para consulta .<\/p>\n<p>Pensar em educa\u00e7\u00e3o \u00e9 lembrar que n\u00e3o somos culpados pelo mundo que encontramos ao nascer. Mas precisamos, na medida de nossas possibilidades, fazer alguma coisa pelo mundo que est\u00e1 sendo constru\u00eddo (ou destru\u00eddo). E que ser\u00e1 herdado aos que h\u00e3o de vir. (Gilberto Cotrim) .<\/p>\n<p>Um mundo com constantes revolu\u00e7\u00f5es tecnol\u00f3gicas, obriga pa\u00edses como o Brasil a investir cada vez mais em educa\u00e7\u00e3o . Principalmente em educa\u00e7\u00e3o tecnol\u00f3gica para que as futuras gera\u00e7\u00f5es de brasileiros possam enfrentar os enormes desafios que os esperam . E nos hoje somos respons\u00e1veis por assegurar que isto ocorra !!<\/p>\n<p><a class=\"dt-single-image\" href=\"https:\/\/acessopercon.com.br\/2022\/wp-content\/uploads\/2016\/07\/Kit-Datapool-.jpg\" rel=\"attachment wp-att-42615\" data-dt-img-description=\"\"><img fetchpriority=\"high\" decoding=\"async\" class=\"alignnone size-full wp-image-42615\" src=\"https:\/\/acessopercon.com.br\/2022\/wp-content\/uploads\/2016\/07\/Kit-Datapool-.jpg\" alt=\"Kit Datapool\" width=\"294\" height=\"171\" \/><\/a><\/p>\n<p>&nbsp;<\/p>\n<h2>Produtos educacionais<\/h2>\n<p>Produtos educacionais s\u00e3o aqueles que atendem as necessidades das institui\u00e7\u00f5es respons\u00e1veis por educa\u00e7\u00e3o tecnol\u00f3gica. Esta\u00a0 modalidade de educa\u00e7\u00e3o \u00e9 exercida por institui\u00e7\u00f5es brasileiras, tais como o Instituto Federal de Educa\u00e7\u00e3o, Ci\u00eancia e Tecnologia (IFET) o Centro Federal de Educa\u00e7\u00e3o Tecnol\u00f3gica (CEFET), a Universidade Tecnol\u00f3gica Federal (UTF) e o Servi\u00e7o Nacional de Aprendizagem Industrial (SENAI). \u00c9 tamb\u00e9m identificada por meio da propaga\u00e7\u00e3o de conhecimentos, t\u00e9cnicos e instrumentos tecnol\u00f3gicos em diversos \u00e2mbitos, n\u00e3o necessariamente acad\u00eamicos.<\/p>\n<p>Clique nos links abaixo e conhe\u00e7a as melhores ferramentas projetas para suportar aulas pr\u00e1ticas com experimentos , ferramentas de medidas e material did\u00e1tico .<strong><br \/>\n<\/strong><\/p>\n<p><strong><a href=\"https:\/\/acessopercon.com.br\/percon\/educacional-eletrica\/\">Educacional el\u00e9trica<\/a><\/strong><\/p>\n<p><strong><a href=\"https:\/\/acessopercon.com.br\/percon\/educacional-eletrotecnica\/\">Educacional eletrot\u00e9cnica<\/a><\/strong><\/p>\n<p><strong><a href=\"https:\/\/acessopercon.com.br\/percon\/educacional-eletronica\/\">Educacional eletr\u00f4nica<\/a><\/strong><\/p>\n<p><strong><a href=\"https:\/\/acessopercon.com.br\/percon\/educacional-automacao\/\">Educacional automa\u00e7\u00e3o<\/a><\/strong><\/p>\n<p><strong><a href=\"https:\/\/acessopercon.com.br\/percon\/educacional-mecatronica\/\">Educacional mecatr\u00f4nica<\/a><\/strong><\/p>\n<p><strong><a href=\"https:\/\/acessopercon.com.br\/percon\/educacional-mecanica\/\">Educacional mec\u00e2nica<\/a><\/strong><\/p>\n<p><strong><a href=\"https:\/\/acessopercon.com.br\/percon\/educacional-fisica\/\">Educacional f\u00edsica<\/a><\/strong><\/p>\n<p><strong><a href=\"https:\/\/acessopercon.com.br\/percon\/educacional-biologia\/\">Educacional biologia<\/a><\/strong><\/p>\n<p><strong><a href=\"https:\/\/acessopercon.com.br\/percon\/educacional-pneumatica\/\">Educacional pneum\u00e1tica<\/a><\/strong><\/p>\n<p>Um produto educacional \u00e9 idealizado e produzido a partir de uma pesquisa feita juntos a in\u00fameros docentes experientes. Um kit ou instrumento did\u00e1tico s\u00e3o constantemente atualizados com os feedbacks que mesmos professores fornecem aos fabricantes de produtos educacionais .<\/p>\n<p>&nbsp;<\/p>\n<p><strong>Produto educacional \u00e9 na PerCon<\/strong><\/p>\n<p>Produto educacional dispon\u00edvel na PerCon Tecnologia que atua como canal de distribui\u00e7\u00e3o de produtos de teste e medi\u00e7\u00e3o dos melhores fabricantes mundiais e \u00e9 sediada na Rua Dias da Cruz 188 \u2013 Sub solo \u2013 M\u00e9ier (<a href=\"mailto:percon@acessopercon.com.br\">percon@acessopercon.com.br<\/a>) \/ Fone : 21-2596-8369<\/p>\n<p><a href=\"https:\/\/acessopercon.com.br\/percon\/fale-conosco\/\"><strong>Clique para obter informa\u00e7\u00e3o adicional<\/strong><\/a><\/p>\n<p><a class=\"dt-single-image\" href=\"https:\/\/acessopercon.com.br\/2022\/wp-content\/uploads\/2016\/07\/A-PerCon-1.jpg\" rel=\"attachment wp-att-48242\" data-dt-img-description=\"\"><img decoding=\"async\" class=\"alignnone size-medium wp-image-48242\" src=\"https:\/\/acessopercon.com.br\/percon\/wp-content\/uploads\/2016\/07\/A-PerCon-1-300x184.jpg\" alt=\"Produtos educacionais\" width=\"300\" height=\"184\" srcset=\"https:\/\/acessopercon.com.br\/percon\/wp-content\/uploads\/2016\/07\/A-PerCon-1-300x184.jpg 300w, https:\/\/acessopercon.com.br\/percon\/wp-content\/uploads\/2016\/07\/A-PerCon-1.jpg 331w\" sizes=\"(max-width: 300px) 100vw, 300px\" \/><\/a><\/p>\n<p>&nbsp;<\/p>\n","protected":false},"excerpt":{"rendered":"<p>Produtos educacionais, instrumentos de teste e kits educacionais de diferentes disciplinas , produzido pelos melhores fabricantes e padronizados pelas melhores institui\u00e7\u00f5es de ensino est\u00e3o dispon\u00edveis para consulta . Pensar em educa\u00e7\u00e3o \u00e9 lembrar que n\u00e3o somos culpados pelo mundo que encontramos ao nascer. Mas precisamos, na medida de nossas possibilidades, fazer alguma coisa pelo mundo [&hellip;]<\/p>\n","protected":false},"author":4,"featured_media":0,"comment_status":"closed","ping_status":"closed","sticky":false,"template":"","format":"standard","meta":{"footnotes":""},"categories":[36],"tags":[538],"_links":{"self":[{"href":"https:\/\/acessopercon.com.br\/percon\/wp-json\/wp\/v2\/posts\/42614"}],"collection":[{"href":"https:\/\/acessopercon.com.br\/percon\/wp-json\/wp\/v2\/posts"}],"about":[{"href":"https:\/\/acessopercon.com.br\/percon\/wp-json\/wp\/v2\/types\/post"}],"author":[{"embeddable":true,"href":"https:\/\/acessopercon.com.br\/percon\/wp-json\/wp\/v2\/users\/4"}],"replies":[{"embeddable":true,"href":"https:\/\/acessopercon.com.br\/percon\/wp-json\/wp\/v2\/comments?post=42614"}],"version-history":[{"count":0,"href":"https:\/\/acessopercon.com.br\/percon\/wp-json\/wp\/v2\/posts\/42614\/revisions"}],"wp:attachment":[{"href":"https:\/\/acessopercon.com.br\/percon\/wp-json\/wp\/v2\/media?parent=42614"}],"wp:term":[{"taxonomy":"category","embeddable":true,"href":"https:\/\/acessopercon.com.br\/percon\/wp-json\/wp\/v2\/categories?post=42614"},{"taxonomy":"post_tag","embeddable":true,"href":"https:\/\/acessopercon.com.br\/percon\/wp-json\/wp\/v2\/tags?post=42614"}],"curies":[{"name":"wp","href":"https:\/\/api.w.org\/{rel}","templated":true}]}}