{"id":41133,"date":"2016-04-07T00:14:14","date_gmt":"2016-04-07T00:14:14","guid":{"rendered":"http:\/\/acessopercon.com.br\/percon\/?p=41133"},"modified":"2016-04-07T00:14:14","modified_gmt":"2016-04-07T00:14:14","slug":"luximetro-testo-540","status":"publish","type":"post","link":"https:\/\/acessopercon.com.br\/percon\/luximetro-testo-540\/","title":{"rendered":"Lux\u00edmetro Testo 540"},"content":{"rendered":"<p>Lux\u00edmetro Testo 540, lux\u00edmetros permitem medidas da intensidade de luz em um ambiente atrav\u00e9s de um sensor, desta forma \u00e9 poss\u00edvel determinar a ilumin\u00e2ncia do local. Ilumin\u00e2ncia \u00e9 a quantidade de luz em um ambiente e \u00e9 normalmente expressa em LUX. Sendo assim um lux\u00edmetro \u00e9 basicamente um amper\u00edmetro ligado a uma c\u00e9lula foto el\u00e9trica ( sensor). \u00a0 <strong><br \/>\n<\/strong><\/p>\n<p>Lux\u00edmetro Testo 540 est\u00e1 adaptado \u00e0 sensibilidade espectral da vista. Isto torna o testo ideal para medi\u00e7\u00f5es da intensidade da luz. A fun\u00e7\u00e3o Hold permite uma f\u00e1cil leitura dos valores medidos. Os valores m\u00ednimos e m\u00e1ximos s\u00e3o apresentados ao pressionar um bot\u00e3o. O Testo 540 \u00e9 de muito ergon\u00f4mico, pequeno e de f\u00e1cil manuseamento. \u00a0Possui bot\u00e3o de HOLD e valores min.\/Max ,\u00a0 sensor adaptado \u00e0 sensibilidade espectral da vista, capa protetora para um armazenamento seguro e luz do visor. Dispon\u00edvel para vendas pelo c\u00f3digo 0560 0540 .<\/p>\n<h2><\/h2>\n<h2><strong>Lux\u00edmetro Testo 540 e suas principais caracter\u00edsticas <\/strong><\/h2>\n<p><strong>Fotodiodo<\/strong><\/p>\n<table width=\"695\">\n<thead>\n<tr>\n<td>Dados t\u00e9cnicos<\/td>\n<td><\/td>\n<\/tr>\n<\/thead>\n<tbody>\n<tr>\n<td>Faixa de medi\u00e7\u00e3o<\/td>\n<td>0 a 99999 lux<\/td>\n<\/tr>\n<tr>\n<td>Exatid\u00e3o<\/td>\n<td>\u00b13 lux ou \u00b13 % (comparado com a refer\u00eancia Classe B, DIN 5032 Parte 7)<\/td>\n<\/tr>\n<tr>\n<td>Resolu\u00e7\u00e3o<\/td>\n<td>1 lux (0 a 19999 lux)<br \/>\n10 lux (Faixa remanescente)<\/td>\n<\/tr>\n<tr>\n<td>Taxa de medi\u00e7\u00e3o<\/td>\n<td>0,5 s<\/td>\n<\/tr>\n<\/tbody>\n<\/table>\n<p>&nbsp;<\/p>\n<p><strong>Dados t\u00e9cnicos gerais<\/strong><\/p>\n<table width=\"695\">\n<thead>\n<tr>\n<td>Dados t\u00e9cnicos<\/td>\n<td><\/td>\n<\/tr>\n<\/thead>\n<tbody>\n<tr>\n<td>Classe de prote\u00e7\u00e3o<\/td>\n<td>IP40<\/td>\n<\/tr>\n<tr>\n<td>Garantia<\/td>\n<td>2 anos<\/td>\n<\/tr>\n<tr>\n<td>Tipo de bateria<\/td>\n<td>2 AAA micro baterias<\/td>\n<\/tr>\n<tr>\n<td>Durabilidade<\/td>\n<td>200 h (m\u00e9dia, sem ilumina\u00e7\u00e3o do visor)<\/td>\n<\/tr>\n<tr>\n<td>Temperatura de armazenagem<\/td>\n<td>-40 a +70 \u00b0C<\/td>\n<\/tr>\n<tr>\n<td>Peso<\/td>\n<td>95 g (inclui pilhas e capa)<\/td>\n<\/tr>\n<tr>\n<td>Dimens\u00f5es<\/td>\n<td>133 x 46 x 25 mm<\/td>\n<\/tr>\n<tr>\n<td>Temperatura de opera\u00e7\u00e3o<\/td>\n<td>0 a +50 \u00b0C<\/td>\n<\/tr>\n<\/tbody>\n<\/table>\n<p><strong>\u00a0<\/strong><\/p>\n<p><strong><a class=\"dt-single-image\" href=\"https:\/\/acessopercon.com.br\/2022\/wp-content\/uploads\/2016\/04\/Testo-540-.png\" rel=\"attachment wp-att-42887\" data-dt-img-description=\"\"><img fetchpriority=\"high\" decoding=\"async\" class=\"alignnone size-full wp-image-42887\" src=\"https:\/\/acessopercon.com.br\/2022\/wp-content\/uploads\/2016\/04\/Testo-540-.png\" alt=\"Testo 540\" width=\"276\" height=\"183\" \/><\/a><a class=\"dt-single-image\" href=\"https:\/\/acessopercon.com.br\/2022\/wp-content\/uploads\/2016\/04\/Testo-540-ii-.jpg\" rel=\"attachment wp-att-42888\" data-dt-img-description=\"\"><img decoding=\"async\" class=\"alignnone wp-image-42888\" src=\"https:\/\/acessopercon.com.br\/percon\/wp-content\/uploads\/2016\/04\/Testo-540-ii--244x300.jpg\" alt=\"Testo 540 ii\" width=\"146\" height=\"180\" srcset=\"https:\/\/acessopercon.com.br\/percon\/wp-content\/uploads\/2016\/04\/Testo-540-ii--244x300.jpg 244w, https:\/\/acessopercon.com.br\/percon\/wp-content\/uploads\/2016\/04\/Testo-540-ii-.jpg 570w\" sizes=\"(max-width: 146px) 100vw, 146px\" \/><\/a><br \/>\n<\/strong><\/p>\n<p><a href=\"http:\/\/secure.ciashop.com.br\/loja\/product.asp?store=107854&amp;template_id=6&amp;pf%5Fid=36&amp;nome=Testo+540+%28+0560+0540+%29\"><strong>Clique aqui para comprar este produto<\/strong><\/a><\/p>\n<p>&nbsp;<\/p>\n<p><strong>Lux\u00edmetro Testo 540 \u00e9 na PerCon<\/strong><\/p>\n<p>Lux\u00edmetro Testo 540 e outros produtos da Testo podem ser encontrados na PerCon Tecnologia que atua como canal de distribui\u00e7\u00e3o da Testo e \u00e9 sediada na Rua Dias da Cruz 188 \u2013 Sub solo \u2013 M\u00e9ier (<a href=\"mailto:percon@acessopercon.com.br\">percon@acessopercon.com.br<\/a>) \/ Fone : 21-2596-8369<\/p>\n<p><a class=\"dt-single-image\" href=\"https:\/\/acessopercon.com.br\/2022\/wp-content\/uploads\/2016\/04\/A-PerCon-11.jpg\" rel=\"attachment wp-att-48893\" data-dt-img-description=\"\"><img decoding=\"async\" class=\"alignnone size-medium wp-image-48893\" src=\"https:\/\/acessopercon.com.br\/percon\/wp-content\/uploads\/2016\/04\/A-PerCon-11-300x184.jpg\" alt=\"Lux\u00edmetro Testo\" width=\"300\" height=\"184\" srcset=\"https:\/\/acessopercon.com.br\/percon\/wp-content\/uploads\/2016\/04\/A-PerCon-11-300x184.jpg 300w, https:\/\/acessopercon.com.br\/percon\/wp-content\/uploads\/2016\/04\/A-PerCon-11.jpg 331w\" sizes=\"(max-width: 300px) 100vw, 300px\" \/><\/a><\/p>\n","protected":false},"excerpt":{"rendered":"<p>Lux\u00edmetro Testo 540, lux\u00edmetros permitem medidas da intensidade de luz em um ambiente atrav\u00e9s de um sensor, desta forma \u00e9 poss\u00edvel determinar a ilumin\u00e2ncia do local. Ilumin\u00e2ncia \u00e9 a quantidade de luz em um ambiente e \u00e9 normalmente expressa em LUX. Sendo assim um lux\u00edmetro \u00e9 basicamente um amper\u00edmetro ligado a uma c\u00e9lula foto el\u00e9trica [&hellip;]<\/p>\n","protected":false},"author":4,"featured_media":0,"comment_status":"closed","ping_status":"closed","sticky":false,"template":"","format":"standard","meta":{"footnotes":""},"categories":[202,161,417,196],"tags":[411],"_links":{"self":[{"href":"https:\/\/acessopercon.com.br\/percon\/wp-json\/wp\/v2\/posts\/41133"}],"collection":[{"href":"https:\/\/acessopercon.com.br\/percon\/wp-json\/wp\/v2\/posts"}],"about":[{"href":"https:\/\/acessopercon.com.br\/percon\/wp-json\/wp\/v2\/types\/post"}],"author":[{"embeddable":true,"href":"https:\/\/acessopercon.com.br\/percon\/wp-json\/wp\/v2\/users\/4"}],"replies":[{"embeddable":true,"href":"https:\/\/acessopercon.com.br\/percon\/wp-json\/wp\/v2\/comments?post=41133"}],"version-history":[{"count":0,"href":"https:\/\/acessopercon.com.br\/percon\/wp-json\/wp\/v2\/posts\/41133\/revisions"}],"wp:attachment":[{"href":"https:\/\/acessopercon.com.br\/percon\/wp-json\/wp\/v2\/media?parent=41133"}],"wp:term":[{"taxonomy":"category","embeddable":true,"href":"https:\/\/acessopercon.com.br\/percon\/wp-json\/wp\/v2\/categories?post=41133"},{"taxonomy":"post_tag","embeddable":true,"href":"https:\/\/acessopercon.com.br\/percon\/wp-json\/wp\/v2\/tags?post=41133"}],"curies":[{"name":"wp","href":"https:\/\/api.w.org\/{rel}","templated":true}]}}