{"id":39999,"date":"2016-02-08T21:32:00","date_gmt":"2016-02-08T21:32:00","guid":{"rendered":"http:\/\/acessopercon.com.br\/percon\/?p=39999"},"modified":"2016-02-08T21:32:00","modified_gmt":"2016-02-08T21:32:00","slug":"refrigeracao-kit-testo-smart-probes","status":"publish","type":"post","link":"https:\/\/acessopercon.com.br\/percon\/refrigeracao-kit-testo-smart-probes\/","title":{"rendered":"Refrigera\u00e7\u00e3o monitoramento com smart probes"},"content":{"rendered":"<p>Refrigera\u00e7\u00e3o \u00e9 a a\u00e7\u00e3o de resfriar determinado ambiente de forma controlada, tanto para viabilizar processos, processar e conservar produtos ou efetuar climatiza\u00e7\u00e3o para conforto t\u00e9rmico. As smart probes para refrigera\u00e7\u00e3o s\u00e3o o conjunto ideal para a realiza\u00e7\u00e3o de manuten\u00e7\u00e3o e solu\u00e7\u00e3o de problemas em ar condicionado e sistemas de refrigera\u00e7\u00e3o, bem como para instal\u00e1-los. A maleta robusta e inteligente testo permite que os instrumentos de medi\u00e7\u00e3o sejam convenientemente transportados e garante que eles estejam sempre \u00e0 m\u00e3o quando necess\u00e1rio.<\/p>\n<p>Os dados de medi\u00e7\u00e3o s\u00e3o transmitidos sem fio a partir dos instrumentos de medi\u00e7\u00e3o para o app Testo Smart Probes e podem ser vistos convenientemente em dispositivos m\u00f3veis, seja como gr\u00e1fico ou em forma de tabela. O aplicativo tamb\u00e9m oferece fun\u00e7\u00f5es pr\u00e1ticas, como o c\u00e1lculo autom\u00e1tico de temperaturas de evapora\u00e7\u00e3o e condensa\u00e7\u00e3o, o c\u00e1lculo de par\u00e2metros individuais do sistema em sistemas de ar condicionado ou a medi\u00e7\u00e3o do fluxo e temperatura de retorno. O registro de dados de medi\u00e7\u00e3o pode ser enviado diretamente como arquivo PDF ou Excel. Isso economiza tempo, permitindo aumentar ainda mais sua efici\u00eancia.<\/p>\n<p>&nbsp;<\/p>\n<h2>Refrigera\u00e7\u00e3o monitoramento com smart probes<\/h2>\n<p><strong>Kit Testo smart probes <\/strong><\/p>\n<p>Kit Testo smart probes para refrigera\u00e7\u00e3o composto de duas sondas Testo 549i , duas sondas Testo 115i e uma mala de transporte \u00e9 ideal para detec\u00e7\u00e3o de erros em sistemas de ar condicionado e refrigera\u00e7\u00e3o, bem como na instala\u00e7\u00e3o. A maleta robusta permite que os instrumentos sejam transportados facilmente, sempre estando dispon\u00edveis para uso . Refrigera\u00e7\u00e3o Kit Testo smart probes c\u00f3digo 0563 0002<\/p>\n<p><strong><a href=\"https:\/\/acessopercon.com.br\/percon\/smart-probe-da-testo\/\">Consulte Testo smart probes<\/a><\/strong><\/p>\n<p><strong><a href=\"https:\/\/acessopercon.com.br\/percon\/tt-4\/\">Consulte Testo 549i<\/a><\/strong><\/p>\n<p><strong><a href=\"https:\/\/acessopercon.com.br\/percon\/termometro-alicate-com-bluetooth-e-aplicativo-testo-115i\/\">Consulte Testo 115i<\/a><\/strong><\/p>\n<p>&nbsp;<\/p>\n<p><a class=\"dt-single-image\" href=\"https:\/\/acessopercon.com.br\/2022\/wp-content\/uploads\/2016\/02\/Kit-smart-probe-I-.png\" data-dt-img-description=\"\"><img fetchpriority=\"high\" decoding=\"async\" class=\"alignnone size-full wp-image-40002\" src=\"https:\/\/acessopercon.com.br\/2022\/wp-content\/uploads\/2016\/02\/Kit-smart-probe-I-.png\" alt=\"Kit smart probe I\" width=\"274\" height=\"184\" \/><\/a>\u00a0<a class=\"dt-single-image\" href=\"https:\/\/acessopercon.com.br\/2022\/wp-content\/uploads\/2016\/02\/testo-smart-probes-e1455628804803.jpg\" data-dt-img-description=\"\"><img decoding=\"async\" class=\"alignnone wp-image-39957\" src=\"https:\/\/acessopercon.com.br\/percon\/wp-content\/uploads\/2016\/02\/testo-smart-probes--1024x576.jpg\" alt=\"testo smart probes\" width=\"323\" height=\"181\" \/><\/a><\/p>\n<p>&nbsp;<\/p>\n<p><strong>Kit Testo smart probes e suas caracter\u00edsticas<\/strong><\/p>\n<p>&#8211; Baixa perda de g\u00e1s refrigerante devido a mangueira<\/p>\n<p>&#8211; Instala\u00e7\u00e3o f\u00e1cil e r\u00e1pida direta na conex\u00e3o de press\u00e3o<\/p>\n<p>&#8211; Simplifica o trabalho em sistemas com local distante da medi\u00e7\u00e3o<\/p>\n<p>&#8211; C\u00e1lculo autom\u00e1tico da evapora\u00e7\u00e3o e da temperatura de condensa\u00e7\u00e3o via Testo smart probes e aplicativo<\/p>\n<p>&#8211; C\u00e1lculo de par\u00e2metros do sistema, como superaquecimento em sistemas de refrigera\u00e7\u00e3o, via Testo smart probes App.<\/p>\n<p>&#8211; Dados de medi\u00e7\u00e3o analisados e enviados via testo smart probes App<\/p>\n<p>&#8211; Pr\u00e1tica maleta de transporte e armazenagem<\/p>\n<p><a href=\"https:\/\/acessopercon.com.br\/percon\/fale-conosco\/\"><strong>Clique aqui para comprar este produto<\/strong><\/a><\/p>\n<p>&nbsp;<\/p>\n<p>Kit Testo smart probes\u00a0 e outros produtos da Testo podem ser encontrados na PerCon Tecnologia que atua como canal de distribui\u00e7\u00e3o da Testo e \u00e9 sediada na Rua Dias da Cruz 188 \u2013 Sub solo \u2013 M\u00e9ier (<a href=\"mailto:percon@acessopercon.com.br\">percon@acessopercon.com.br<\/a>) \/ Fone : 21-2596-8369<\/p>\n<p><a class=\"dt-single-image\" href=\"https:\/\/acessopercon.com.br\/2022\/wp-content\/uploads\/2016\/02\/A-PerCon-15.jpg\" rel=\"attachment wp-att-48706\" data-dt-img-description=\"\"><img decoding=\"async\" class=\"alignnone size-medium wp-image-48706\" src=\"https:\/\/acessopercon.com.br\/percon\/wp-content\/uploads\/2016\/02\/A-PerCon-15-300x184.jpg\" alt=\"Refrigera\u00e7\u00e3o\" width=\"300\" height=\"184\" srcset=\"https:\/\/acessopercon.com.br\/percon\/wp-content\/uploads\/2016\/02\/A-PerCon-15-300x184.jpg 300w, https:\/\/acessopercon.com.br\/percon\/wp-content\/uploads\/2016\/02\/A-PerCon-15.jpg 331w\" sizes=\"(max-width: 300px) 100vw, 300px\" \/><\/a><\/p>\n<p>&nbsp;<\/p>\n","protected":false},"excerpt":{"rendered":"<p>Refrigera\u00e7\u00e3o \u00e9 a a\u00e7\u00e3o de resfriar determinado ambiente de forma controlada, tanto para viabilizar processos, processar e conservar produtos ou efetuar climatiza\u00e7\u00e3o para conforto t\u00e9rmico. As smart probes para refrigera\u00e7\u00e3o s\u00e3o o conjunto ideal para a realiza\u00e7\u00e3o de manuten\u00e7\u00e3o e solu\u00e7\u00e3o de problemas em ar condicionado e sistemas de refrigera\u00e7\u00e3o, bem como para instal\u00e1-los. A [&hellip;]<\/p>\n","protected":false},"author":4,"featured_media":0,"comment_status":"closed","ping_status":"closed","sticky":false,"template":"","format":"standard","meta":{"footnotes":""},"categories":[189,190,191,161,25,196,422,33,423,424],"tags":[438],"_links":{"self":[{"href":"https:\/\/acessopercon.com.br\/percon\/wp-json\/wp\/v2\/posts\/39999"}],"collection":[{"href":"https:\/\/acessopercon.com.br\/percon\/wp-json\/wp\/v2\/posts"}],"about":[{"href":"https:\/\/acessopercon.com.br\/percon\/wp-json\/wp\/v2\/types\/post"}],"author":[{"embeddable":true,"href":"https:\/\/acessopercon.com.br\/percon\/wp-json\/wp\/v2\/users\/4"}],"replies":[{"embeddable":true,"href":"https:\/\/acessopercon.com.br\/percon\/wp-json\/wp\/v2\/comments?post=39999"}],"version-history":[{"count":0,"href":"https:\/\/acessopercon.com.br\/percon\/wp-json\/wp\/v2\/posts\/39999\/revisions"}],"wp:attachment":[{"href":"https:\/\/acessopercon.com.br\/percon\/wp-json\/wp\/v2\/media?parent=39999"}],"wp:term":[{"taxonomy":"category","embeddable":true,"href":"https:\/\/acessopercon.com.br\/percon\/wp-json\/wp\/v2\/categories?post=39999"},{"taxonomy":"post_tag","embeddable":true,"href":"https:\/\/acessopercon.com.br\/percon\/wp-json\/wp\/v2\/tags?post=39999"}],"curies":[{"name":"wp","href":"https:\/\/api.w.org\/{rel}","templated":true}]}}