{"id":37989,"date":"2015-09-16T20:43:55","date_gmt":"2015-09-16T20:43:55","guid":{"rendered":"http:\/\/acessopercon.com.br\/percon\/?p=37989"},"modified":"2022-06-13T17:24:59","modified_gmt":"2022-06-13T17:24:59","slug":"cinturao-paraquedista","status":"publish","type":"post","link":"https:\/\/acessopercon.com.br\/percon\/cinturao-paraquedista\/","title":{"rendered":"Cintur\u00e3o paraquedista para espa\u00e7o confinado"},"content":{"rendered":"\t\t<div data-elementor-type=\"wp-post\" data-elementor-id=\"37989\" class=\"elementor elementor-37989\">\n\t\t\t\t\t\t\t\t\t<section class=\"elementor-section elementor-top-section elementor-element elementor-element-2f9b0e64 elementor-section-boxed elementor-section-height-default elementor-section-height-default\" data-id=\"2f9b0e64\" data-element_type=\"section\">\n\t\t\t\t\t\t<div class=\"elementor-container elementor-column-gap-default\">\n\t\t\t\t\t<div class=\"elementor-column elementor-col-100 elementor-top-column elementor-element elementor-element-47ef297\" data-id=\"47ef297\" data-element_type=\"column\">\n\t\t\t<div class=\"elementor-widget-wrap elementor-element-populated\">\n\t\t\t\t\t\t\t\t<div class=\"elementor-element elementor-element-77cc43f elementor-widget elementor-widget-heading\" data-id=\"77cc43f\" data-element_type=\"widget\" data-widget_type=\"heading.default\">\n\t\t\t\t<div class=\"elementor-widget-container\">\n\t\t\t<h2 class=\"elementor-heading-title elementor-size-default\">cintur\u00e3o paraquedista para<br>espa\u00e7o confinado<\/h2>\t\t<\/div>\n\t\t\t\t<\/div>\n\t\t\t\t<div class=\"elementor-element elementor-element-5c1bc8e0 elementor-widget elementor-widget-text-editor\" data-id=\"5c1bc8e0\" data-element_type=\"widget\" data-widget_type=\"text-editor.default\">\n\t\t\t\t<div class=\"elementor-widget-container\">\n\t\t\t\t\t\t\t<p>Cintur\u00e3o paraquedista com cintur\u00e3o abdominal e perneiras acolchoadas, confeccionado em fita de material sint\u00e9tico resistente \u00e0 chama,\u00a0com 45 mm de largura e 1,5 mm de espessura e linhas de cor contrastante \u00e1s fitas do cinto, com dois pontos de prote\u00e7\u00e3o contra queda, um ponto para\u00a0sustenta\u00e7\u00e3o e movimenta\u00e7\u00e3o e um ponto de ancoragem para posicionamento, sendo:<\/p><p><a class=\"dt-single-image\" href=\"https:\/\/acessopercon.com.br\/2022\/wp-content\/uploads\/2015\/09\/Cinturao-tipo-paraquedista-1.jpg\" rel=\"attachment wp-att-49429\" data-dt-img-description=\"\"><img fetchpriority=\"high\" decoding=\"async\" class=\"wp-image-49429 size-medium alignleft\" src=\"https:\/\/acessopercon.com.br\/percon\/wp-content\/uploads\/2015\/09\/Cinturao-tipo-paraquedista-1-300x169.jpg\" alt=\"Cintur\u00e3o tipo paraquedista\" width=\"300\" height=\"169\" srcset=\"https:\/\/acessopercon.com.br\/percon\/wp-content\/uploads\/2015\/09\/Cinturao-tipo-paraquedista-1-300x169.jpg 300w, https:\/\/acessopercon.com.br\/percon\/wp-content\/uploads\/2015\/09\/Cinturao-tipo-paraquedista-1-768x432.jpg 768w, https:\/\/acessopercon.com.br\/percon\/wp-content\/uploads\/2015\/09\/Cinturao-tipo-paraquedista-1.jpg 900w\" sizes=\"(max-width: 300px) 100vw, 300px\" \/><\/a><\/p><ul><li>Ponto de prote\u00e7\u00e3o contra queda frontal, confeccionado com o mesmo material do cinto;<\/li><li>Ponto de prote\u00e7\u00e3o contra queda dorsal com uma argola tipo D fabricada em a\u00e7o inox, fixa atrav\u00e9s de costura dupla refor\u00e7ada.<\/li><li>Ponto de sustenta\u00e7\u00e3o e movimenta\u00e7\u00e3o umbilical, confeccionado com o mesmo material do cinto;<\/li><li>Ponto de posicionamento sendo duas argolas tipo D fabricadas em a\u00e7o inox, fixas na cintura atrav\u00e9s de costura refor\u00e7ada.<\/li><\/ul><p>\u00a0<\/p><p>1- O cinto possui tr\u00eas fivelas autom\u00e1ticas em alum\u00ednio, sendo:<\/p><ul><li>Uma fivela para fechamento do cintur\u00e3o abdominal;<\/li><li>Duas fivelas de fechamento das pernas.<\/li><\/ul><p>\u00a0<\/p><p>2- O cinto possui oito fivelas duplas sem pino, fabricada em a\u00e7o inox, sendo:<\/p><ul><li>Duas fivelas utilizadas para regulagem do cintur\u00e3o abdominal;<\/li><li>Duas fivelas nos suspens\u00f3rios para regulagem;<\/li><li>Duas fivelas para regulagem das pernas;<\/li><li>Duas fivelas para regulagem das fitas localizadas na parte traseira do cinto abdominal.<\/li><li>Possui uma fita el\u00e1stica com uma fivela autom\u00e1tica de pl\u00e1stico na altura do peito, para a estabiliza\u00e7\u00e3o dos suspens\u00f3rios.<\/li><li>O cinto possui ainda duas al\u00e7as de servi\u00e7o fixa uma em cada lado do cintur\u00e3o abdominal.<\/li><\/ul><p><strong>Cintur\u00e3o para espa\u00e7o confinado \u00e9 na PerCon<\/strong><\/p><p><strong><a href=\"https:\/\/acessopercon.com.br\/percon\/fale-conosco\/\">Clique aqui para comprar este produto<\/a><\/strong><\/p><p><strong>\u00a0<\/strong><\/p><table><thead><tr><td>\u00a0<\/td><td><strong>\u00a0<\/strong><\/td><td><strong>\u00a0<\/strong><\/td><td><strong>\u00a0<\/strong><\/td><td><strong>\u00a0<\/strong><\/td><\/tr><\/thead><\/table>\t\t\t\t\t\t<\/div>\n\t\t\t\t<\/div>\n\t\t\t\t\t<\/div>\n\t\t<\/div>\n\t\t\t\t\t\t\t<\/div>\n\t\t<\/section>\n\t\t\t\t\t\t\t<\/div>\n\t\t","protected":false},"excerpt":{"rendered":"<p>cintur\u00e3o paraquedista paraespa\u00e7o confinado Cintur\u00e3o paraquedista com cintur\u00e3o abdominal e perneiras acolchoadas, confeccionado em fita de material sint\u00e9tico resistente \u00e0 chama,\u00a0com 45 mm de largura e 1,5 mm de espessura e linhas de cor contrastante \u00e1s fitas do cinto, com dois pontos de prote\u00e7\u00e3o contra queda, um ponto para\u00a0sustenta\u00e7\u00e3o e movimenta\u00e7\u00e3o e um ponto de [&hellip;]<\/p>\n","protected":false},"author":4,"featured_media":0,"comment_status":"closed","ping_status":"closed","sticky":false,"template":"","format":"standard","meta":{"footnotes":""},"categories":[367,369,60],"tags":[368],"_links":{"self":[{"href":"https:\/\/acessopercon.com.br\/percon\/wp-json\/wp\/v2\/posts\/37989"}],"collection":[{"href":"https:\/\/acessopercon.com.br\/percon\/wp-json\/wp\/v2\/posts"}],"about":[{"href":"https:\/\/acessopercon.com.br\/percon\/wp-json\/wp\/v2\/types\/post"}],"author":[{"embeddable":true,"href":"https:\/\/acessopercon.com.br\/percon\/wp-json\/wp\/v2\/users\/4"}],"replies":[{"embeddable":true,"href":"https:\/\/acessopercon.com.br\/percon\/wp-json\/wp\/v2\/comments?post=37989"}],"version-history":[{"count":3,"href":"https:\/\/acessopercon.com.br\/percon\/wp-json\/wp\/v2\/posts\/37989\/revisions"}],"predecessor-version":[{"id":54542,"href":"https:\/\/acessopercon.com.br\/percon\/wp-json\/wp\/v2\/posts\/37989\/revisions\/54542"}],"wp:attachment":[{"href":"https:\/\/acessopercon.com.br\/percon\/wp-json\/wp\/v2\/media?parent=37989"}],"wp:term":[{"taxonomy":"category","embeddable":true,"href":"https:\/\/acessopercon.com.br\/percon\/wp-json\/wp\/v2\/categories?post=37989"},{"taxonomy":"post_tag","embeddable":true,"href":"https:\/\/acessopercon.com.br\/percon\/wp-json\/wp\/v2\/tags?post=37989"}],"curies":[{"name":"wp","href":"https:\/\/api.w.org\/{rel}","templated":true}]}}